{"id":247509,"date":"2025-07-25T15:22:49","date_gmt":"2025-07-25T18:22:49","guid":{"rendered":"https:\/\/compras.tierradelfuego.gob.ar\/?p=247509"},"modified":"2025-07-25T15:23:02","modified_gmt":"2025-07-25T18:23:02","slug":"adjudicacion-contratacion-de-servicios-de-impresion-para-el-programa-procel-mtye","status":"publish","type":"post","link":"https:\/\/compras.tierradelfuego.gob.ar\/?p=247509","title":{"rendered":"ADJUDICACION. CONTRATACI\u00d3N DE SERVICIOS DE IMPRESI\u00d3N PARA EL PROGRAMA PROCEL. MTYE."},"content":{"rendered":"<p>ADJUDICACION. CONTRATACI\u00d3N DE SERVICIOS DE IMPRESI\u00d3N PARA EL PROGRAMA PROCEL.<\/p>\n<p><strong><a href=\"https:\/\/compras.tierradelfuego.gob.ar\/wp-content\/uploads\/2025\/07\/adjudicar-la-compra-directa-n-0018_2025-resolucion-s.e.-y-f.l.-n-009-25-y-orden-de-compra-n-15_25.zip\">adjudicar-la-compra-directa-n-0018_2025-resolucion-s.e.-y-f.l.-n-009-25-y-orden-de-compra-n-15_25<\/a><\/strong><\/p>\n<p>&nbsp;<\/p>\n","protected":false},"excerpt":{"rendered":"<p>ADJUDICACION. CONTRATACI\u00d3N DE SERVICIOS DE IMPRESI\u00d3N PARA EL PROGRAMA PROCEL. adjudicar-la-compra-directa-n-0018_2025-resolucion-s.e.-y-f.l.-n-009-25-y-orden-de-compra-n-15_25 &nbsp;<\/p>\n","protected":false},"author":20,"featured_media":0,"comment_status":"closed","ping_status":"closed","sticky":false,"template":"","format":"standard","meta":{"footnotes":""},"categories":[186,3,11,26],"tags":[],"class_list":["post-247509","post","type-post","status-publish","format-standard","hentry","category-adjudicadas","category-compras","category-directa","category-ministerio-de-trabajo"],"_links":{"self":[{"href":"https:\/\/compras.tierradelfuego.gob.ar\/index.php?rest_route=\/wp\/v2\/posts\/247509","targetHints":{"allow":["GET"]}}],"collection":[{"href":"https:\/\/compras.tierradelfuego.gob.ar\/index.php?rest_route=\/wp\/v2\/posts"}],"about":[{"href":"https:\/\/compras.tierradelfuego.gob.ar\/index.php?rest_route=\/wp\/v2\/types\/post"}],"author":[{"embeddable":true,"href":"https:\/\/compras.tierradelfuego.gob.ar\/index.php?rest_route=\/wp\/v2\/users\/20"}],"replies":[{"embeddable":true,"href":"https:\/\/compras.tierradelfuego.gob.ar\/index.php?rest_route=%2Fwp%2Fv2%2Fcomments&post=247509"}],"version-history":[{"count":1,"href":"https:\/\/compras.tierradelfuego.gob.ar\/index.php?rest_route=\/wp\/v2\/posts\/247509\/revisions"}],"predecessor-version":[{"id":247511,"href":"https:\/\/compras.tierradelfuego.gob.ar\/index.php?rest_route=\/wp\/v2\/posts\/247509\/revisions\/247511"}],"wp:attachment":[{"href":"https:\/\/compras.tierradelfuego.gob.ar\/index.php?rest_route=%2Fwp%2Fv2%2Fmedia&parent=247509"}],"wp:term":[{"taxonomy":"category","embeddable":true,"href":"https:\/\/compras.tierradelfuego.gob.ar\/index.php?rest_route=%2Fwp%2Fv2%2Fcategories&post=247509"},{"taxonomy":"post_tag","embeddable":true,"href":"https:\/\/compras.tierradelfuego.gob.ar\/index.php?rest_route=%2Fwp%2Fv2%2Ftags&post=247509"}],"curies":[{"name":"wp","href":"https:\/\/api.w.org\/{rel}","templated":true}]}}