{"id":247028,"date":"2025-07-22T10:16:58","date_gmt":"2025-07-22T13:16:58","guid":{"rendered":"https:\/\/compras.tierradelfuego.gob.ar\/?p=247028"},"modified":"2025-07-22T10:23:02","modified_gmt":"2025-07-22T13:23:02","slug":"compra-directa-nro-0018-2025-raf-540-expediente-mte-e-nro-69026-2025-1849-objeto-solicitud-de-contratacion-de-servicios-de-impresion-para-el-programa-procel-ministerio-de-trabajo-y-empleo-de","status":"publish","type":"post","link":"https:\/\/compras.tierradelfuego.gob.ar\/?p=247028","title":{"rendered":"COMPRA DIRECTA NRO. 0018\/2025 &#8211; RAF 540- EXPEDIENTE MTE-E- NRO. 69026-2025- 1849 OBJETO: SOLICITUD DE CONTRATACI\u00d3N DE SERVICIOS DE IMPRESI\u00d3N PARA EL PROGRAMA PROCEL. MINISTERIO DE TRABAJO Y EMPLEO DE LA PROVINCIA."},"content":{"rendered":"<p>COMPRA DIRECTA NRO.00018\/2025 &#8211; RAF 540- EXPEDIENTE MTE-E- NRO. 69026-2025- 1849<\/p>\n<p>OBJETO: &#8211; SOLICITUD DE CONTRATACI\u00d3N DE SERVICIOS DE IMPRESI\u00d3N PARA EL PROGRAMA PROCEL.<\/p>\n<p>&#8211; LUGAR Y DOMICILIO DE PRESENTACI\u00d3N DE OFERTAS: MESA DE ENTRADAS Y SALIDAS DEL MINISTERIO DE TRABAJO Y EMPLEO DE LA PROVINCIA, SITO EN CALLE OBLIGADO N\u00b0 750 \u2013 RIO GRANDE\u2013 T.D.F. \u2013 C.P. 9420 O AL CORREO ELECTR\u00d3NICO:CONTABLE@TRABAJOTDF.GOB.AR\u00a0Y CC: FSRUIZT@TIERRADELFUEGO.GOB.AR<\/p>\n<p>&#8211; CONSULTAS AL CORREO ELECTR\u00d3NICO: CONTABLE@TRABAJOTDF.GOB.AR;\u00a0<u>FSRUIZT@TIERRADELFUEGO.GOB.AR<\/u>\u00a0\u2013 DIRECCI\u00d3N PROVINCIAL DE COMPRAS CONTRATACIONES Y FONDOS PERMANENTES.<\/p>\n<p>&#8211; FECHA Y HORA L\u00cdMITE DE PRESENTACI\u00d3N DE OFERTAS: 24\/07\/2025 &#8211; 10.00 HORAS &#8211; SE ADJUNTA: \u00a0FORMULARIO DE SOLICITUD DE COTIZACI\u00d3N COMPRA DIRECTA NRO.00018\/2025 &#8211; RAF 540<\/p>\n<p>EN ESTE CONTEXTO, SE REQUIERE COMPLETAR EL FORMULARIO DE SOLICITUD DE COTIZACI\u00d3N ADJUNTO, RENGL\u00d3N POR RENGL\u00d3N Y PRESENTARLO FIRMADO EN CADA UNA DE SUS HOJAS CON BIROME AZUL POR EL REPRESENTANTE LEGAL DE LA FIRMA, DENTRO DEL PLAZO ESTABLECIDO EN LA MESA DE ENTRADAS Y SALIDAS DEL MINISTERIO DE TRABAJO Y EMPLEO DE LA PROVINCIA, SITO EN LA CALLE JUANA FADUL N\u00ba 204 &#8211; USHUAIA &#8211; T.D.F. &#8211; CP 9410, O AL CORREO ELECTR\u00d3NICO: CONTABLE@TRABAJOTDF.GOB.AR\u00a0Y CC: FSRUIZT@TIERRADELFUEGO.GOB.AR<\/p>\n<p>SE INFORMA QUE EN CASO DE NO ENCONTRARSE INSCRIPTO EN EL REGISTRO DE PROVEEDORES DEL ESTADO (PROTDF) DEBER\u00c1 TRAMITAR EL ALTA CORRESPONDIENTE, DEBIENDO COMUNICARSE A LOS CORREOS ELECTR\u00d3NICOS: PROTDFRG@TIERRADELFUEGO.GOB.AR &#8211; PROTDFRG@GMAIL.COM<\/p>\n<p><strong><a href=\"https:\/\/compras.tierradelfuego.gob.ar\/wp-content\/uploads\/2025\/07\/formulario-de-cotizacion-definitivo-expte.-69026-25-firmado.pdf\">formulario-de-cotizacion-definitivo-expte.-69026-25-firmado<\/a><\/strong><\/p>\n<p>&nbsp;<\/p>\n","protected":false},"excerpt":{"rendered":"<p>COMPRA DIRECTA NRO.00018\/2025 &#8211; RAF 540- EXPEDIENTE MTE-E- NRO. 69026-2025- 1849 OBJETO: &#8211; SOLICITUD DE CONTRATACI\u00d3N DE SERVICIOS DE IMPRESI\u00d3N PARA EL PROGRAMA PROCEL. &#8211; LUGAR Y DOMICILIO DE PRESENTACI\u00d3N DE OFERTAS: MESA DE ENTRADAS Y SALIDAS DEL MINISTERIO DE TRABAJO Y EMPLEO DE LA PROVINCIA, SITO EN CALLE OBLIGADO N\u00b0 750 \u2013 RIO GRANDE\u2013 [&hellip;]<\/p>\n","protected":false},"author":20,"featured_media":0,"comment_status":"closed","ping_status":"closed","sticky":false,"template":"","format":"standard","meta":{"footnotes":""},"categories":[3,185,11,26],"tags":[],"class_list":["post-247028","post","type-post","status-publish","format-standard","hentry","category-compras","category-con-apertura-proxima","category-directa","category-ministerio-de-trabajo"],"_links":{"self":[{"href":"https:\/\/compras.tierradelfuego.gob.ar\/index.php?rest_route=\/wp\/v2\/posts\/247028","targetHints":{"allow":["GET"]}}],"collection":[{"href":"https:\/\/compras.tierradelfuego.gob.ar\/index.php?rest_route=\/wp\/v2\/posts"}],"about":[{"href":"https:\/\/compras.tierradelfuego.gob.ar\/index.php?rest_route=\/wp\/v2\/types\/post"}],"author":[{"embeddable":true,"href":"https:\/\/compras.tierradelfuego.gob.ar\/index.php?rest_route=\/wp\/v2\/users\/20"}],"replies":[{"embeddable":true,"href":"https:\/\/compras.tierradelfuego.gob.ar\/index.php?rest_route=%2Fwp%2Fv2%2Fcomments&post=247028"}],"version-history":[{"count":1,"href":"https:\/\/compras.tierradelfuego.gob.ar\/index.php?rest_route=\/wp\/v2\/posts\/247028\/revisions"}],"predecessor-version":[{"id":247030,"href":"https:\/\/compras.tierradelfuego.gob.ar\/index.php?rest_route=\/wp\/v2\/posts\/247028\/revisions\/247030"}],"wp:attachment":[{"href":"https:\/\/compras.tierradelfuego.gob.ar\/index.php?rest_route=%2Fwp%2Fv2%2Fmedia&parent=247028"}],"wp:term":[{"taxonomy":"category","embeddable":true,"href":"https:\/\/compras.tierradelfuego.gob.ar\/index.php?rest_route=%2Fwp%2Fv2%2Fcategories&post=247028"},{"taxonomy":"post_tag","embeddable":true,"href":"https:\/\/compras.tierradelfuego.gob.ar\/index.php?rest_route=%2Fwp%2Fv2%2Ftags&post=247028"}],"curies":[{"name":"wp","href":"https:\/\/api.w.org\/{rel}","templated":true}]}}