{"id":246700,"date":"2025-07-17T10:32:45","date_gmt":"2025-07-17T13:32:45","guid":{"rendered":"https:\/\/compras.tierradelfuego.gob.ar\/?p=246700"},"modified":"2025-07-17T10:33:02","modified_gmt":"2025-07-17T13:33:02","slug":"compra-directa-n-63-2025-ley-provincial-n1015-articulo-18-inciso-c-expte-272-2025-adquisicion-de-repuestos-grupos-cummins-qsv91","status":"publish","type":"post","link":"https:\/\/compras.tierradelfuego.gob.ar\/?p=246700","title":{"rendered":"COMPRA DIRECTA N\u00b0 63\/2025 &#8211; LEY PROVINCIAL N\u00b01015 ART\u00cdCULO 18\u00b0 INCISO C).\u00a0EXPTE. 272\/2025. ADQUISICI\u00d3N DE REPUESTOS GRUPOS CUMMINS QSV91. DPE."},"content":{"rendered":"<p>COMPRA DIRECTA N\u00b0 63\/2025 &#8211; LEY PROVINCIAL N\u00b01015 ART\u00cdCULO 18\u00b0 INCISO C).<\/p>\n<p>T\u00cdTULO:\u00a0<strong>ADQUISICI\u00d3N DE REPUESTOS GRUPOS CUMMINS QSV91<\/strong><\/p>\n<p>N\u00daMERO DE EXPTE Y A\u00d1O:\u00a0272\/2025.<\/p>\n<p>FECHA DE APERTURA:\u00a018\/07\/2025 12:00 HS.<\/p>\n<p>FECHA Y HORA L\u00cdMITE DE ENTREGA DE OFERTAS: 18\/07\/2025 12:00 HS.<\/p>\n<p>LUGAR DE APERTURA: DIVISI\u00d3N COMPRAS<\/p>\n<p>LUGAR DE CONSULTAS: LASSERRE N\u00b0 218 &#8211; USHUAIA &#8211; TIERRA DEL FUEGO.<\/p>\n<p><a href=\"https:\/\/compras.tierradelfuego.gob.ar\/wp-content\/uploads\/2025\/07\/compra-directa-n-63-2025-e-272-2025.pdf\"><strong>compra-directa-n-63-2025-e-272-2025<\/strong><\/a><\/p>\n","protected":false},"excerpt":{"rendered":"<p>COMPRA DIRECTA N\u00b0 63\/2025 &#8211; LEY PROVINCIAL N\u00b01015 ART\u00cdCULO 18\u00b0 INCISO C). T\u00cdTULO:\u00a0ADQUISICI\u00d3N DE REPUESTOS GRUPOS CUMMINS QSV91 N\u00daMERO DE EXPTE Y A\u00d1O:\u00a0272\/2025. FECHA DE APERTURA:\u00a018\/07\/2025 12:00 HS. FECHA Y HORA L\u00cdMITE DE ENTREGA DE OFERTAS: 18\/07\/2025 12:00 HS. LUGAR DE APERTURA: DIVISI\u00d3N COMPRAS LUGAR DE CONSULTAS: LASSERRE N\u00b0 218 &#8211; USHUAIA &#8211; TIERRA DEL [&hellip;]<\/p>\n","protected":false},"author":20,"featured_media":0,"comment_status":"closed","ping_status":"closed","sticky":false,"template":"","format":"standard","meta":{"footnotes":""},"categories":[3,185,7,11],"tags":[],"class_list":["post-246700","post","type-post","status-publish","format-standard","hentry","category-compras","category-con-apertura-proxima","category-direccion-provincial-de-energia","category-directa"],"_links":{"self":[{"href":"https:\/\/compras.tierradelfuego.gob.ar\/index.php?rest_route=\/wp\/v2\/posts\/246700","targetHints":{"allow":["GET"]}}],"collection":[{"href":"https:\/\/compras.tierradelfuego.gob.ar\/index.php?rest_route=\/wp\/v2\/posts"}],"about":[{"href":"https:\/\/compras.tierradelfuego.gob.ar\/index.php?rest_route=\/wp\/v2\/types\/post"}],"author":[{"embeddable":true,"href":"https:\/\/compras.tierradelfuego.gob.ar\/index.php?rest_route=\/wp\/v2\/users\/20"}],"replies":[{"embeddable":true,"href":"https:\/\/compras.tierradelfuego.gob.ar\/index.php?rest_route=%2Fwp%2Fv2%2Fcomments&post=246700"}],"version-history":[{"count":2,"href":"https:\/\/compras.tierradelfuego.gob.ar\/index.php?rest_route=\/wp\/v2\/posts\/246700\/revisions"}],"predecessor-version":[{"id":246703,"href":"https:\/\/compras.tierradelfuego.gob.ar\/index.php?rest_route=\/wp\/v2\/posts\/246700\/revisions\/246703"}],"wp:attachment":[{"href":"https:\/\/compras.tierradelfuego.gob.ar\/index.php?rest_route=%2Fwp%2Fv2%2Fmedia&parent=246700"}],"wp:term":[{"taxonomy":"category","embeddable":true,"href":"https:\/\/compras.tierradelfuego.gob.ar\/index.php?rest_route=%2Fwp%2Fv2%2Fcategories&post=246700"},{"taxonomy":"post_tag","embeddable":true,"href":"https:\/\/compras.tierradelfuego.gob.ar\/index.php?rest_route=%2Fwp%2Fv2%2Ftags&post=246700"}],"curies":[{"name":"wp","href":"https:\/\/api.w.org\/{rel}","templated":true}]}}