{"id":244993,"date":"2025-06-30T16:04:23","date_gmt":"2025-06-30T19:04:23","guid":{"rendered":"https:\/\/compras.tierradelfuego.gob.ar\/?p=244993"},"modified":"2025-06-30T16:04:23","modified_gmt":"2025-06-30T19:04:23","slug":"compra-directa-n-24-2025-raf-100-tramitado-mediante-el-expediente-n-39942-2025-que-tramita-la-contratacion-directa-por-adjudicacion-simple-ley-1015-art-18-inc-k-decreto-674-2011-n","status":"publish","type":"post","link":"https:\/\/compras.tierradelfuego.gob.ar\/?p=244993","title":{"rendered":"COMPRA DIRECTA N\u00b0 24\/2025, RAF-100, TRAMITADO MEDIANTE EL EXPEDIENTE N\u00b0 39942 -2025, QUE TRAMITA LA CONTRATACI\u00d3N DIRECTA POR ADJUDICACI\u00d3N SIMPLE -LEY 1015 ART.18 INC.K &#8211; DECRETO 674\/2011, N\u00b01649\/2020, PARA PRESTAR SERVICIOS EN LA SUBSECRETAR\u00cdA DE FLOTA VEH\u00cdCULAR.-"},"content":{"rendered":"<p>COMPRA DIRECTA N\u00b0 24\/2025, RAF-100, TRAMITADO MEDIANTE EL EXPEDIENTE N\u00b0 39942 -2025, QUE TRAMITA LA CONTRATACI\u00d3N DIRECTA POR ADJUDICACI\u00d3N SIMPLE -LEY 1015 ART.18 INC.K &#8211; DECRETO 674\/2011, N\u00b01649\/2020, PARA PRESTAR SERVICIOS EN LA SUBSECRETAR\u00cdA DE FLOTA VEH\u00cdCULAR.-<\/p>\n<p>&nbsp;<\/p>\n<p>LUGAR DE RECEPCI\u00d3N: SAN MARTIN 450 PISO 2\u00b0 OFIC. 73 O AL CORREO \u00ab<a href=\"mailto:contratacionesug@gmail.com\">CONTRATACIONESUG@TIERRADELFUEGO.GOB.<\/a>AR\u00bb<\/p>\n<p>&nbsp;<\/p>\n<p>FECHA DE APERTURA: MARTES\u00a0 1 DE JULIO DE 2025, HASTA LAS 14:40 HS INCLUSIVE.<\/p>\n<p>&nbsp;<\/p>\n<p>&nbsp;<\/p>\n<p><a href=\"https:\/\/compras.tierradelfuego.gob.ar\/wp-content\/uploads\/2025\/06\/disposicion-d.g.a.-s.c.a.g.-n-02-2025._compressed.pdf\">disposicion-d.g.a.-s.c.a.g.-n-02-2025._compressed<\/a><\/p>\n","protected":false},"excerpt":{"rendered":"<p>COMPRA DIRECTA N\u00b0 24\/2025, RAF-100, TRAMITADO MEDIANTE EL EXPEDIENTE N\u00b0 39942 -2025, QUE TRAMITA LA CONTRATACI\u00d3N DIRECTA POR ADJUDICACI\u00d3N SIMPLE -LEY 1015 ART.18 INC.K &#8211; DECRETO 674\/2011, N\u00b01649\/2020, PARA PRESTAR SERVICIOS EN LA SUBSECRETAR\u00cdA DE FLOTA VEH\u00cdCULAR.- &nbsp; LUGAR DE RECEPCI\u00d3N: SAN MARTIN 450 PISO 2\u00b0 OFIC. 73 O AL CORREO \u00abCONTRATACIONESUG@TIERRADELFUEGO.GOB.AR\u00bb &nbsp; FECHA DE [&hellip;]<\/p>\n","protected":false},"author":17,"featured_media":0,"comment_status":"closed","ping_status":"closed","sticky":false,"template":"","format":"standard","meta":{"footnotes":""},"categories":[3,11,102],"tags":[],"class_list":["post-244993","post","type-post","status-publish","format-standard","hentry","category-compras","category-directa","category-ministerio-de-jefatura-de-gabinete"],"_links":{"self":[{"href":"https:\/\/compras.tierradelfuego.gob.ar\/index.php?rest_route=\/wp\/v2\/posts\/244993","targetHints":{"allow":["GET"]}}],"collection":[{"href":"https:\/\/compras.tierradelfuego.gob.ar\/index.php?rest_route=\/wp\/v2\/posts"}],"about":[{"href":"https:\/\/compras.tierradelfuego.gob.ar\/index.php?rest_route=\/wp\/v2\/types\/post"}],"author":[{"embeddable":true,"href":"https:\/\/compras.tierradelfuego.gob.ar\/index.php?rest_route=\/wp\/v2\/users\/17"}],"replies":[{"embeddable":true,"href":"https:\/\/compras.tierradelfuego.gob.ar\/index.php?rest_route=%2Fwp%2Fv2%2Fcomments&post=244993"}],"version-history":[{"count":1,"href":"https:\/\/compras.tierradelfuego.gob.ar\/index.php?rest_route=\/wp\/v2\/posts\/244993\/revisions"}],"predecessor-version":[{"id":244995,"href":"https:\/\/compras.tierradelfuego.gob.ar\/index.php?rest_route=\/wp\/v2\/posts\/244993\/revisions\/244995"}],"wp:attachment":[{"href":"https:\/\/compras.tierradelfuego.gob.ar\/index.php?rest_route=%2Fwp%2Fv2%2Fmedia&parent=244993"}],"wp:term":[{"taxonomy":"category","embeddable":true,"href":"https:\/\/compras.tierradelfuego.gob.ar\/index.php?rest_route=%2Fwp%2Fv2%2Fcategories&post=244993"},{"taxonomy":"post_tag","embeddable":true,"href":"https:\/\/compras.tierradelfuego.gob.ar\/index.php?rest_route=%2Fwp%2Fv2%2Ftags&post=244993"}],"curies":[{"name":"wp","href":"https:\/\/api.w.org\/{rel}","templated":true}]}}