{"id":244989,"date":"2025-06-30T16:03:06","date_gmt":"2025-06-30T19:03:06","guid":{"rendered":"https:\/\/compras.tierradelfuego.gob.ar\/?p=244989"},"modified":"2025-06-30T16:03:06","modified_gmt":"2025-06-30T19:03:06","slug":"pre-adjudicacion-contratacion-directa-n-22-25-raf-29-expte-n-aif-e-54877-2025-referente-a-la-adquisicion-de-insumos-alimentarios-destinados-a-los-trayectos-educativos-que-se-llevan-a","status":"publish","type":"post","link":"https:\/\/compras.tierradelfuego.gob.ar\/?p=244989","title":{"rendered":"PRE ADJUDICACI\u00d3N CONTRATACI\u00d3N DIRECTA N\u00b0 22\/25 &#8211; RAF 29 EXPTE. N\u00b0 AIF-E-54877-2025, REFERENTE A LA ADQUISICI\u00d3N DE INSUMOS ALIMENTARIOS, DESTINADOS A LOS TRAYECTOS EDUCATIVOS QUE SE LLEVAN A CABO EN LOS POLOS CREATIVOS DE LA PROVINCIA, EN EL \u00c1MBITO DE LA SECRETAR\u00cdA DE GESTI\u00d3N POLOS Y F\u00c1BRICAS DE TALENTOS, DEPENDIENTE DE LA AGENCIA DE INNOVACI\u00d3N DE LA PROVINCIA DE TIERRA DEL FUEGO, ANT\u00c1RTIDA E ISLAS DEL ATL\u00c1NTICO SUR"},"content":{"rendered":"<p>PRE ADJUDICACI\u00d3N\u00a0<strong>CONTRATACI\u00d3N DIRECTA N\u00b0 22\/25 &#8211; RAF 29<\/strong>\u00a0EXPTE. N\u00b0\u00a0<strong>AIF-E-54877-2025<\/strong>, REFERENTE A LA ADQUISICI\u00d3N DE INSUMOS ALIMENTARIOS, DESTINADOS A LOS TRAYECTOS EDUCATIVOS QUE SE LLEVAN A CABO EN LOS POLOS CREATIVOS DE LA PROVINCIA, EN EL \u00c1MBITO DE LA SECRETAR\u00cdA DE GESTI\u00d3N POLOS Y F\u00c1BRICAS DE TALENTOS, DEPENDIENTE DE LA AGENCIA DE INNOVACI\u00d3N DE LA PROVINCIA DE TIERRA DEL FUEGO, ANT\u00c1RTIDA E ISLAS DEL ATL\u00c1NTICO SUR<\/p>\n<p>&nbsp;<\/p>\n<p><a href=\"https:\/\/compras.tierradelfuego.gob.ar\/wp-content\/uploads\/2025\/06\/evaluacion-de-ofertas-expte-54877-25.pdf\">evaluacion-de-ofertas-expte-54877-25<\/a><\/p>\n<p>&nbsp;<\/p>\n<p><a href=\"https:\/\/compras.tierradelfuego.gob.ar\/wp-content\/uploads\/2025\/06\/planilla-de-preadjudicacion-e-54877-25.pdf\">planilla-de-preadjudicacion-e-54877-25<\/a><\/p>\n","protected":false},"excerpt":{"rendered":"<p>PRE ADJUDICACI\u00d3N\u00a0CONTRATACI\u00d3N DIRECTA N\u00b0 22\/25 &#8211; RAF 29\u00a0EXPTE. N\u00b0\u00a0AIF-E-54877-2025, REFERENTE A LA ADQUISICI\u00d3N DE INSUMOS ALIMENTARIOS, DESTINADOS A LOS TRAYECTOS EDUCATIVOS QUE SE LLEVAN A CABO EN LOS POLOS CREATIVOS DE LA PROVINCIA, EN EL \u00c1MBITO DE LA SECRETAR\u00cdA DE GESTI\u00d3N POLOS Y F\u00c1BRICAS DE TALENTOS, DEPENDIENTE DE LA AGENCIA DE INNOVACI\u00d3N DE LA PROVINCIA [&hellip;]<\/p>\n","protected":false},"author":17,"featured_media":0,"comment_status":"closed","ping_status":"closed","sticky":false,"template":"","format":"standard","meta":{"footnotes":""},"categories":[201,3,11,184],"tags":[],"class_list":["post-244989","post","type-post","status-publish","format-standard","hentry","category-agencia-de-innovacion-tdf","category-compras","category-directa","category-preadjudicadas"],"_links":{"self":[{"href":"https:\/\/compras.tierradelfuego.gob.ar\/index.php?rest_route=\/wp\/v2\/posts\/244989","targetHints":{"allow":["GET"]}}],"collection":[{"href":"https:\/\/compras.tierradelfuego.gob.ar\/index.php?rest_route=\/wp\/v2\/posts"}],"about":[{"href":"https:\/\/compras.tierradelfuego.gob.ar\/index.php?rest_route=\/wp\/v2\/types\/post"}],"author":[{"embeddable":true,"href":"https:\/\/compras.tierradelfuego.gob.ar\/index.php?rest_route=\/wp\/v2\/users\/17"}],"replies":[{"embeddable":true,"href":"https:\/\/compras.tierradelfuego.gob.ar\/index.php?rest_route=%2Fwp%2Fv2%2Fcomments&post=244989"}],"version-history":[{"count":1,"href":"https:\/\/compras.tierradelfuego.gob.ar\/index.php?rest_route=\/wp\/v2\/posts\/244989\/revisions"}],"predecessor-version":[{"id":244992,"href":"https:\/\/compras.tierradelfuego.gob.ar\/index.php?rest_route=\/wp\/v2\/posts\/244989\/revisions\/244992"}],"wp:attachment":[{"href":"https:\/\/compras.tierradelfuego.gob.ar\/index.php?rest_route=%2Fwp%2Fv2%2Fmedia&parent=244989"}],"wp:term":[{"taxonomy":"category","embeddable":true,"href":"https:\/\/compras.tierradelfuego.gob.ar\/index.php?rest_route=%2Fwp%2Fv2%2Fcategories&post=244989"},{"taxonomy":"post_tag","embeddable":true,"href":"https:\/\/compras.tierradelfuego.gob.ar\/index.php?rest_route=%2Fwp%2Fv2%2Ftags&post=244989"}],"curies":[{"name":"wp","href":"https:\/\/api.w.org\/{rel}","templated":true}]}}