{"id":243343,"date":"2025-06-12T15:35:35","date_gmt":"2025-06-12T18:35:35","guid":{"rendered":"https:\/\/compras.tierradelfuego.gob.ar\/?p=243343"},"modified":"2025-06-12T15:35:48","modified_gmt":"2025-06-12T18:35:48","slug":"contratacion-directa-no-76-2025-raf-521-expediente-no-m-ed-e-51118-2025-objeto-contrato-de-locacion-de-servicio-de-persona-humana-con-perfil-idoneo-como-chofer-con-vehiculo-para-cu","status":"publish","type":"post","link":"https:\/\/compras.tierradelfuego.gob.ar\/?p=243343","title":{"rendered":"CONTRATACI\u00d3N DIRECTA N\u00ba 76\/2025 &#8211; RAF 521  &#8211; EXPEDIENTE N\u00ba M.ED.-E-51118-2025 &#8211; OBJETO: \u201cCONTRATO DE LOCACI\u00d3N DE SERVICIO DE PERSONA HUMANA CON PERFIL ID\u00d3NEO, COMO CHOFER CON VEH\u00cdCULO, PARA CUBRIR EL TRASLADO DE DOCENTES QUE PRESTEN SERVICIOS EN LA ESCUELA RURAL N\u00b0 49 DEL ANEXO PUERTO ALMANZA \u00ab44 H\u00c9ROES DEL SUBMARINO ARA SAN JUAN\u00bb , EN EL \u00c1MBITO DE LA SUBSECRETARIA DE SERVICIOS Y GESTI\u00d3N OPERATIVA, DEPENDIENTE DEL MINISTERIO DE EDUCACI\u00d3N\u00bb."},"content":{"rendered":"<p>EXPEDIENTE N\u00ba M.ED.-E-51118-2025<\/p>\n<p><span style=\"font-style: inherit; font-weight: inherit;\">CONTRATACI\u00d3N DIRECTA N\u00ba 76\/2025 &#8211; RAF 521<\/span><\/p>\n<p><span style=\"font-style: inherit; font-weight: inherit;\">OBJETO<\/span>: \u201cCONTRATO DE LOCACI\u00d3N DE SERVICIO DE PERSONA HUMANA CON PERFIL ID\u00d3NEO, COMO CHOFER CON VEH\u00cdCULO, PARA CUBRIR EL TRASLADO DE DOCENTES QUE PRESTEN SERVICIOS EN LA ESCUELA RURAL N\u00b0 49 DEL ANEXO PUERTO ALMANZA \u00ab44 H\u00c9ROES DEL SUBMARINO ARA SAN JUAN\u00bb , EN EL \u00c1MBITO DE LA SUBSECRETARIA DE SERVICIOS Y GESTI\u00d3N OPERATIVA, DEPENDIENTE DEL MINISTERIO DE EDUCACI\u00d3N\u00bb.<\/p>\n<p><span style=\"font-style: inherit; font-weight: inherit;\">\u00c1REA SOLICITANTE<\/span>:\u00a0SUBSECRETARIA DE SERVICIOS Y GESTION OPERATIVA<\/p>\n<p><span style=\"font-style: inherit; font-weight: inherit;\">FECHA DE RECEPCI\u00d3N DE OFERTAS<\/span>: HASTA EL 13\/06\/2025 A LAS 12:00HS.<\/p>\n<p><span style=\"font-style: inherit; font-weight: inherit;\">LUGAR DE PRESENTACI\u00d3N DE OFERTAS<\/span>: AL CORREO ELECTR\u00d3NICO:\u00a0<a href=\"mailto:comprasycontrataciones@tdf.edu.ar\">COMPRASYCONTRATACIONES@TDF.EDU.AR<\/a>\u00a0O EN CALLE ONAS N\u00b0 464 &#8211; DIRECCI\u00d3N DE COMPRAS &#8211; USHUAIA.<\/p>\n<p><span style=\"font-style: inherit; font-weight: inherit;\">APERTURA:\u00a013\/06\/2025 A LAS 12:00HS<\/span><\/p>\n<p><span style=\"font-style: inherit; font-weight: inherit;\">DIRECCI\u00d3N<\/span>:\u00a0\u00a0ONAS N\u00b0 464\u00a0\u00a0\u00a0&#8211; DIRECCI\u00d3N DE COMPRAS &#8211; USHUAIA.<\/p>\n<p><span style=\"font-style: inherit; font-weight: inherit;\">CONSULTAS<\/span>:\u00a0<a href=\"mailto:comprasycontrataciones@tdf.edu.ar\">COMPRASYCONTRATACIONES@TDF.EDU.AR<\/a><\/p>\n<p>&nbsp;<\/p>\n<p>&nbsp;<\/p>\n<p><a href=\"https:\/\/compras.tierradelfuego.gob.ar\/wp-content\/uploads\/2025\/06\/resolucion-ss.g.a.l.-0154-2025.pdf\">resolucion-ss.g.a.l.-0154-2025<\/a><\/p>\n","protected":false},"excerpt":{"rendered":"<p>EXPEDIENTE N\u00ba M.ED.-E-51118-2025 CONTRATACI\u00d3N DIRECTA N\u00ba 76\/2025 &#8211; RAF 521 OBJETO: \u201cCONTRATO DE LOCACI\u00d3N DE SERVICIO DE PERSONA HUMANA CON PERFIL ID\u00d3NEO, COMO CHOFER CON VEH\u00cdCULO, PARA CUBRIR EL TRASLADO DE DOCENTES QUE PRESTEN SERVICIOS EN LA ESCUELA RURAL N\u00b0 49 DEL ANEXO PUERTO ALMANZA \u00ab44 H\u00c9ROES DEL SUBMARINO ARA SAN JUAN\u00bb , EN EL [&hellip;]<\/p>\n","protected":false},"author":17,"featured_media":0,"comment_status":"closed","ping_status":"closed","sticky":false,"template":"","format":"standard","meta":{"footnotes":""},"categories":[3,11,22],"tags":[],"class_list":["post-243343","post","type-post","status-publish","format-standard","hentry","category-compras","category-directa","category-ministerio-de-educacion"],"_links":{"self":[{"href":"https:\/\/compras.tierradelfuego.gob.ar\/index.php?rest_route=\/wp\/v2\/posts\/243343","targetHints":{"allow":["GET"]}}],"collection":[{"href":"https:\/\/compras.tierradelfuego.gob.ar\/index.php?rest_route=\/wp\/v2\/posts"}],"about":[{"href":"https:\/\/compras.tierradelfuego.gob.ar\/index.php?rest_route=\/wp\/v2\/types\/post"}],"author":[{"embeddable":true,"href":"https:\/\/compras.tierradelfuego.gob.ar\/index.php?rest_route=\/wp\/v2\/users\/17"}],"replies":[{"embeddable":true,"href":"https:\/\/compras.tierradelfuego.gob.ar\/index.php?rest_route=%2Fwp%2Fv2%2Fcomments&post=243343"}],"version-history":[{"count":1,"href":"https:\/\/compras.tierradelfuego.gob.ar\/index.php?rest_route=\/wp\/v2\/posts\/243343\/revisions"}],"predecessor-version":[{"id":243345,"href":"https:\/\/compras.tierradelfuego.gob.ar\/index.php?rest_route=\/wp\/v2\/posts\/243343\/revisions\/243345"}],"wp:attachment":[{"href":"https:\/\/compras.tierradelfuego.gob.ar\/index.php?rest_route=%2Fwp%2Fv2%2Fmedia&parent=243343"}],"wp:term":[{"taxonomy":"category","embeddable":true,"href":"https:\/\/compras.tierradelfuego.gob.ar\/index.php?rest_route=%2Fwp%2Fv2%2Fcategories&post=243343"},{"taxonomy":"post_tag","embeddable":true,"href":"https:\/\/compras.tierradelfuego.gob.ar\/index.php?rest_route=%2Fwp%2Fv2%2Ftags&post=243343"}],"curies":[{"name":"wp","href":"https:\/\/api.w.org\/{rel}","templated":true}]}}