{"id":243124,"date":"2025-06-10T14:28:07","date_gmt":"2025-06-10T17:28:07","guid":{"rendered":"https:\/\/compras.tierradelfuego.gob.ar\/?p=243124"},"modified":"2025-06-10T14:28:18","modified_gmt":"2025-06-10T17:28:18","slug":"adjudicacion-contratacion-directa-n-06-25-raf-514-llamado-n-2-de-la-compra-directa-n-05-25-raf-514-expediente-n-m-ed-107988-2024","status":"publish","type":"post","link":"https:\/\/compras.tierradelfuego.gob.ar\/?p=243124","title":{"rendered":"ADJUDICACI\u00d3N &#8211; CONTRATACI\u00d3N DIRECTA N\u00b0 06\/25- RAF 514 (LLAMADO N\u00b0 2 DE LA COMPRA DIRECTA N\u00b0 05\/25 RAF 514)-\u00a0EXPEDIENTE\u00a0N\u00b0 M.ED 107988\/2024"},"content":{"rendered":"<p>CONTRATACI\u00d3N DIRECTA N\u00b0 06\/25- RAF 514 (LLAMADO N\u00b0 2 DE LA COMPRA DIRECTA N\u00b0 05\/25 RAF 514)-\u00a0<strong>EXPEDIENTE<\/strong>\u00a0N\u00b0 M.ED 107988\/2024<\/p>\n<p><strong>DIFUSI\u00d3N<\/strong>: RESOLUCI\u00d3N\u00a0DE\u00a0ADJUDICACI\u00d3N N\u00b0\u00a0 516\/25 Y\u00a0\u00d3RDEN\u00a0DE\u00a0COMPRA\u00a0N\u00b0 08\/25<br \/>\nA\u00a0FAVOR\u00a0DE\u00a0LA FIRMA QUE SE DETALLA\u00a0 A\u00a0CONTINUACI\u00d3N:<\/p>\n<p>&nbsp;<\/p>\n<ul>\n<li>\u00bb BOGDANICH, MARIANO GERMAN\u00a0 \u00bb C.U.I.T. N\u00b0 20-23462969-8&#8243;<\/li>\n<\/ul>\n<p><strong>OBJETO<\/strong>\u00a0 \u00a0\u201cCOMPRA DE INSUMOS MUSICALES &#8211; VERANO TDF \u00a0&#8211; SECRETAR\u00cdA DE POL\u00cdTICAS DE INCLUSI\u00d3N &#8211; M.ED\u201d<\/p>\n<p>&nbsp;<\/p>\n<p><a href=\"https:\/\/compras.tierradelfuego.gob.ar\/wp-content\/uploads\/2025\/06\/resolucion-s.g.a.l.-516-2025.pdf\">resolucion-s.g.a.l.-516-2025<\/a><\/p>\n<p>&nbsp;<\/p>\n<p><a href=\"https:\/\/compras.tierradelfuego.gob.ar\/wp-content\/uploads\/2025\/06\/orden-de-compra-n-08-25.pdf\">orden-de-compra-n-08-25<\/a><\/p>\n<p>&nbsp;<\/p>\n","protected":false},"excerpt":{"rendered":"<p>CONTRATACI\u00d3N DIRECTA N\u00b0 06\/25- RAF 514 (LLAMADO N\u00b0 2 DE LA COMPRA DIRECTA N\u00b0 05\/25 RAF 514)-\u00a0EXPEDIENTE\u00a0N\u00b0 M.ED 107988\/2024 DIFUSI\u00d3N: RESOLUCI\u00d3N\u00a0DE\u00a0ADJUDICACI\u00d3N N\u00b0\u00a0 516\/25 Y\u00a0\u00d3RDEN\u00a0DE\u00a0COMPRA\u00a0N\u00b0 08\/25 A\u00a0FAVOR\u00a0DE\u00a0LA FIRMA QUE SE DETALLA\u00a0 A\u00a0CONTINUACI\u00d3N: &nbsp; \u00bb BOGDANICH, MARIANO GERMAN\u00a0 \u00bb C.U.I.T. N\u00b0 20-23462969-8&#8243; OBJETO\u00a0 \u00a0\u201cCOMPRA DE INSUMOS MUSICALES &#8211; VERANO TDF \u00a0&#8211; SECRETAR\u00cdA DE POL\u00cdTICAS DE INCLUSI\u00d3N &#8211; [&hellip;]<\/p>\n","protected":false},"author":17,"featured_media":0,"comment_status":"closed","ping_status":"closed","sticky":false,"template":"","format":"standard","meta":{"footnotes":""},"categories":[186,3,11,22],"tags":[],"class_list":["post-243124","post","type-post","status-publish","format-standard","hentry","category-adjudicadas","category-compras","category-directa","category-ministerio-de-educacion"],"_links":{"self":[{"href":"https:\/\/compras.tierradelfuego.gob.ar\/index.php?rest_route=\/wp\/v2\/posts\/243124","targetHints":{"allow":["GET"]}}],"collection":[{"href":"https:\/\/compras.tierradelfuego.gob.ar\/index.php?rest_route=\/wp\/v2\/posts"}],"about":[{"href":"https:\/\/compras.tierradelfuego.gob.ar\/index.php?rest_route=\/wp\/v2\/types\/post"}],"author":[{"embeddable":true,"href":"https:\/\/compras.tierradelfuego.gob.ar\/index.php?rest_route=\/wp\/v2\/users\/17"}],"replies":[{"embeddable":true,"href":"https:\/\/compras.tierradelfuego.gob.ar\/index.php?rest_route=%2Fwp%2Fv2%2Fcomments&post=243124"}],"version-history":[{"count":1,"href":"https:\/\/compras.tierradelfuego.gob.ar\/index.php?rest_route=\/wp\/v2\/posts\/243124\/revisions"}],"predecessor-version":[{"id":243127,"href":"https:\/\/compras.tierradelfuego.gob.ar\/index.php?rest_route=\/wp\/v2\/posts\/243124\/revisions\/243127"}],"wp:attachment":[{"href":"https:\/\/compras.tierradelfuego.gob.ar\/index.php?rest_route=%2Fwp%2Fv2%2Fmedia&parent=243124"}],"wp:term":[{"taxonomy":"category","embeddable":true,"href":"https:\/\/compras.tierradelfuego.gob.ar\/index.php?rest_route=%2Fwp%2Fv2%2Fcategories&post=243124"},{"taxonomy":"post_tag","embeddable":true,"href":"https:\/\/compras.tierradelfuego.gob.ar\/index.php?rest_route=%2Fwp%2Fv2%2Ftags&post=243124"}],"curies":[{"name":"wp","href":"https:\/\/api.w.org\/{rel}","templated":true}]}}