{"id":242872,"date":"2025-06-09T10:37:15","date_gmt":"2025-06-09T13:37:15","guid":{"rendered":"https:\/\/compras.tierradelfuego.gob.ar\/?p=242872"},"modified":"2025-06-09T10:37:25","modified_gmt":"2025-06-09T13:37:25","slug":"adjudicacion-contratacion-directa-por-adjudicacion-simple-no-22-25-raf-23-expediente-no-648-25","status":"publish","type":"post","link":"https:\/\/compras.tierradelfuego.gob.ar\/?p=242872","title":{"rendered":"ADJUDICACI\u00d3N CONTRATACI\u00d3N DIRECTA POR ADJUDICACI\u00d3N SIMPLE N\u00ba 22\/25 RAF 23  EXPEDIENTE: N\u00ba 648\/25"},"content":{"rendered":"<p>ADJUDICACI\u00d3N CONTRATACI\u00d3N DIRECTA POR ADJUDICACI\u00d3N SIMPLE N\u00ba 22\/25 RAF 23<\/p>\n<p>EXPEDIENTE: N\u00ba 648\/25<\/p>\n<p>DIFUSI\u00d3N: ADJUDICACI\u00d3N &#8211; RESOLUCI\u00d3N I.P.V. Y H. N\u00ba 894\/25<\/p>\n<p>OBJETO:\u00a0CONTRATACI\u00d3N DIRECTA POR ADJUDICACI\u00d3N SIMPLE DE LA LICENCIADA EN CIENCIAS POL\u00cdTICAS MAR\u00cdA SALOM\u00c9 FARIAS ABOCADA A LA PRESTACI\u00d3N DE SERVICIOS EN PRESIDENCIA POR EL T\u00c9RMINO DE 6 MESES.<\/p>\n<p>\u00c1REA SOLICITANTE: PRESIDENCIA<\/p>\n<p>&nbsp;<\/p>\n<p><a href=\"https:\/\/compras.tierradelfuego.gob.ar\/wp-content\/uploads\/2025\/06\/res.-adj-simple-farias-maria.pdf\">res.-adj-simple-farias-maria<\/a><\/p>\n","protected":false},"excerpt":{"rendered":"<p>ADJUDICACI\u00d3N CONTRATACI\u00d3N DIRECTA POR ADJUDICACI\u00d3N SIMPLE N\u00ba 22\/25 RAF 23 EXPEDIENTE: N\u00ba 648\/25 DIFUSI\u00d3N: ADJUDICACI\u00d3N &#8211; RESOLUCI\u00d3N I.P.V. Y H. N\u00ba 894\/25 OBJETO:\u00a0CONTRATACI\u00d3N DIRECTA POR ADJUDICACI\u00d3N SIMPLE DE LA LICENCIADA EN CIENCIAS POL\u00cdTICAS MAR\u00cdA SALOM\u00c9 FARIAS ABOCADA A LA PRESTACI\u00d3N DE SERVICIOS EN PRESIDENCIA POR EL T\u00c9RMINO DE 6 MESES. \u00c1REA SOLICITANTE: PRESIDENCIA &nbsp; res.-adj-simple-farias-maria<\/p>\n","protected":false},"author":17,"featured_media":0,"comment_status":"closed","ping_status":"closed","sticky":false,"template":"","format":"standard","meta":{"footnotes":""},"categories":[186,3,11,16],"tags":[],"class_list":["post-242872","post","type-post","status-publish","format-standard","hentry","category-adjudicadas","category-compras","category-directa","category-instituto-provincial-de-la-vivienda-ipv"],"_links":{"self":[{"href":"https:\/\/compras.tierradelfuego.gob.ar\/index.php?rest_route=\/wp\/v2\/posts\/242872","targetHints":{"allow":["GET"]}}],"collection":[{"href":"https:\/\/compras.tierradelfuego.gob.ar\/index.php?rest_route=\/wp\/v2\/posts"}],"about":[{"href":"https:\/\/compras.tierradelfuego.gob.ar\/index.php?rest_route=\/wp\/v2\/types\/post"}],"author":[{"embeddable":true,"href":"https:\/\/compras.tierradelfuego.gob.ar\/index.php?rest_route=\/wp\/v2\/users\/17"}],"replies":[{"embeddable":true,"href":"https:\/\/compras.tierradelfuego.gob.ar\/index.php?rest_route=%2Fwp%2Fv2%2Fcomments&post=242872"}],"version-history":[{"count":1,"href":"https:\/\/compras.tierradelfuego.gob.ar\/index.php?rest_route=\/wp\/v2\/posts\/242872\/revisions"}],"predecessor-version":[{"id":242874,"href":"https:\/\/compras.tierradelfuego.gob.ar\/index.php?rest_route=\/wp\/v2\/posts\/242872\/revisions\/242874"}],"wp:attachment":[{"href":"https:\/\/compras.tierradelfuego.gob.ar\/index.php?rest_route=%2Fwp%2Fv2%2Fmedia&parent=242872"}],"wp:term":[{"taxonomy":"category","embeddable":true,"href":"https:\/\/compras.tierradelfuego.gob.ar\/index.php?rest_route=%2Fwp%2Fv2%2Fcategories&post=242872"},{"taxonomy":"post_tag","embeddable":true,"href":"https:\/\/compras.tierradelfuego.gob.ar\/index.php?rest_route=%2Fwp%2Fv2%2Ftags&post=242872"}],"curies":[{"name":"wp","href":"https:\/\/api.w.org\/{rel}","templated":true}]}}