{"id":242848,"date":"2025-06-06T15:28:59","date_gmt":"2025-06-06T18:28:59","guid":{"rendered":"https:\/\/compras.tierradelfuego.gob.ar\/?p=242848"},"modified":"2025-06-06T15:45:11","modified_gmt":"2025-06-06T18:45:11","slug":"contratacion-directa-n-04-2025-llamado-n-01-expediente-n-med-e-45800-2025-objeto-s-contrato-de-locacion-de-servicios-personales-a-favor-de-la-sra-laureana-belen-g","status":"publish","type":"post","link":"https:\/\/compras.tierradelfuego.gob.ar\/?p=242848","title":{"rendered":"CONTRATACI\u00d3N DIRECTA N\u00b0 04\/2025  LLAMADO N\u00b0 01 &#8211; EXPEDIENTE N\u00b0 MED-E-45800-2025     OBJETO:\u00a0S\/CONTRATO DE LOCACI\u00d3N DE SERVICIOS PERSONALES \u00a0A FAVOR DE LA SRA. LAUREANA BEL\u00c9N GALVAN, D.N.I N\u00ba 43.106.573.-"},"content":{"rendered":"<p>CONTRATACI\u00d3N DIRECTA N\u00b0 04\/2025<\/p>\n<p>LLAMADO N\u00b0 01 &#8211; EXPEDIENTE N\u00b0 MED-E-45800-2025<\/p>\n<p>&nbsp;<\/p>\n<p>OBJETO:\u00a0S\/CONTRATO DE LOCACI\u00d3N DE SERVICIOS PERSONALES \u00a0A FAVOR DE LA SRA. LAUREANA BEL\u00c9N GALVAN, D.N.I N\u00ba 43.106.573.-<\/p>\n<p>&nbsp;<\/p>\n<p>\u00c1REA\u00a0SOLICITANTE:\u00a0COORDINACI\u00d3N PROVINCIAL DE ESTAD\u00cdSTICA &#8211; MED<\/p>\n<p>&nbsp;<\/p>\n<p>FECHA DE RECEPCI\u00d3N DE OFERTAS:\u00a0HASTA EL 09\/06\/2025 A LAS 14:00 HS.<\/p>\n<p>&nbsp;<\/p>\n<p>LUGAR DE PRESENTACI\u00d3N DE OFERTAS:\u00a0\u00a0\u00a060 VIVIENDAS TIRA 11 CASA 60 &#8211; DIRECCI\u00d3N GENERAL DE CUENTAS NACIONALES,USHUAIA\u00a0\u00a0O\u00a0<a href=\"mailto:rbvidala@tdf.edu.ar\">RBVIDALA@TDF.EDU.AR<\/a><\/p>\n<p>&nbsp;<\/p>\n<p>APERTURA:\u00a009\/06\/2025 A LAS 14:00 HS.<\/p>\n<p>&nbsp;<\/p>\n<p>CONSULTAS:\u00a0<a href=\"mailto:rbvidala@tdf.edu.ar\">RBVIDALA@TDF.EDU.AR<\/a><\/p>\n<p>&nbsp;<\/p>\n<p><a href=\"https:\/\/compras.tierradelfuego.gob.ar\/wp-content\/uploads\/2025\/06\/disposicion-dgaf-57-25-e-45800-25-anexo-solicitud-de-cotizacion.pdf\">disposicion-dgaf-57-25-e-45800-25-anexo-solicitud-de-cotizacion<\/a><\/p>\n<p>&nbsp;<\/p>\n<p>&nbsp;<\/p>\n<p><a href=\"https:\/\/compras.tierradelfuego.gob.ar\/wp-content\/uploads\/2025\/06\/disposicion-dgaf-57-25-e-45800-25.pdf\">disposicion-dgaf-57-25-e-45800-25<\/a><\/p>\n","protected":false},"excerpt":{"rendered":"<p>CONTRATACI\u00d3N DIRECTA N\u00b0 04\/2025 LLAMADO N\u00b0 01 &#8211; EXPEDIENTE N\u00b0 MED-E-45800-2025 &nbsp; OBJETO:\u00a0S\/CONTRATO DE LOCACI\u00d3N DE SERVICIOS PERSONALES \u00a0A FAVOR DE LA SRA. LAUREANA BEL\u00c9N GALVAN, D.N.I N\u00ba 43.106.573.- &nbsp; \u00c1REA\u00a0SOLICITANTE:\u00a0COORDINACI\u00d3N PROVINCIAL DE ESTAD\u00cdSTICA &#8211; MED &nbsp; FECHA DE RECEPCI\u00d3N DE OFERTAS:\u00a0HASTA EL 09\/06\/2025 A LAS 14:00 HS. &nbsp; LUGAR DE PRESENTACI\u00d3N DE OFERTAS:\u00a0\u00a0\u00a060 VIVIENDAS [&hellip;]<\/p>\n","protected":false},"author":17,"featured_media":0,"comment_status":"closed","ping_status":"closed","sticky":false,"template":"","format":"standard","meta":{"footnotes":""},"categories":[3,11,22],"tags":[],"class_list":["post-242848","post","type-post","status-publish","format-standard","hentry","category-compras","category-directa","category-ministerio-de-educacion"],"_links":{"self":[{"href":"https:\/\/compras.tierradelfuego.gob.ar\/index.php?rest_route=\/wp\/v2\/posts\/242848","targetHints":{"allow":["GET"]}}],"collection":[{"href":"https:\/\/compras.tierradelfuego.gob.ar\/index.php?rest_route=\/wp\/v2\/posts"}],"about":[{"href":"https:\/\/compras.tierradelfuego.gob.ar\/index.php?rest_route=\/wp\/v2\/types\/post"}],"author":[{"embeddable":true,"href":"https:\/\/compras.tierradelfuego.gob.ar\/index.php?rest_route=\/wp\/v2\/users\/17"}],"replies":[{"embeddable":true,"href":"https:\/\/compras.tierradelfuego.gob.ar\/index.php?rest_route=%2Fwp%2Fv2%2Fcomments&post=242848"}],"version-history":[{"count":1,"href":"https:\/\/compras.tierradelfuego.gob.ar\/index.php?rest_route=\/wp\/v2\/posts\/242848\/revisions"}],"predecessor-version":[{"id":242851,"href":"https:\/\/compras.tierradelfuego.gob.ar\/index.php?rest_route=\/wp\/v2\/posts\/242848\/revisions\/242851"}],"wp:attachment":[{"href":"https:\/\/compras.tierradelfuego.gob.ar\/index.php?rest_route=%2Fwp%2Fv2%2Fmedia&parent=242848"}],"wp:term":[{"taxonomy":"category","embeddable":true,"href":"https:\/\/compras.tierradelfuego.gob.ar\/index.php?rest_route=%2Fwp%2Fv2%2Fcategories&post=242848"},{"taxonomy":"post_tag","embeddable":true,"href":"https:\/\/compras.tierradelfuego.gob.ar\/index.php?rest_route=%2Fwp%2Fv2%2Ftags&post=242848"}],"curies":[{"name":"wp","href":"https:\/\/api.w.org\/{rel}","templated":true}]}}