{"id":24127,"date":"2018-07-19T17:38:50","date_gmt":"2018-07-19T20:38:50","guid":{"rendered":"http:\/\/compras.tierradelfuego.gov.ar\/?p=24127"},"modified":"2018-07-19T17:38:50","modified_gmt":"2018-07-19T20:38:50","slug":"compra-directa-n-57418-aquisicion-de-equipamiento-mobiliario","status":"publish","type":"post","link":"https:\/\/compras.tierradelfuego.gob.ar\/?p=24127","title":{"rendered":"COMPRA DIRECTA N\u00b0 574\/18 &#8211;  AQUISICI\u00d3N DE EQUIPAMIENTO MOBILIARIO"},"content":{"rendered":"<p><strong>COMPRA DIRECTA N\u00b0 574\/18<\/strong> &#8211; EXPEDIENTE N\u00b0 10386-MD\/18 &#8211; <strong>AQUISICI\u00d3N DE EQUIPAMIENTO MOBILIARIO<\/strong> DESTINADO AL CENTRO INFANTIL INTEGRADO \u00abAMANDA BEBAN\u00bb Y AL CENTRO DE ACCI\u00d3N FAMILIAR DEPENDIENTE DE LA DIRECCI\u00d3N GENERAL DE NI\u00d1EZ &#8211; M.D.S., SEG\u00daN CONDICIONES DETALLADAS EN EL FORMULARIO DE COTIZACI\u00d3N ADJUNTO.<\/p>\n<p><strong>CABE ACLARAR QUE EL PLAZO ESTABLECIDO PARA LA PRESENTACI\u00d3N DE LAS OFERTAS VENCE EL D\u00cdA 23 DE JULIO DE 2018 A LAS 16:00 HORAS.<\/strong><\/p>\n<p><strong> LUGAR DE PRESENTACI\u00d3N<\/strong>: DIRECCI\u00d3N GENERAL DE ADMINISTRACI\u00d3N FINANCIERA DEL MINISTERIO DE DESARROLLO SOCIAL, SITA EN LA CALLE GUIRALDES N\u00b0 576 DE LA CIUDAD DE USHUAIA, EN EL HORARIO DE 10:00 A 16:00 HORAS.<\/p>\n<p><strong>CONTACTO:<\/strong> TEL. 435552.<\/p>\n<p><strong><a href=\"http:\/\/compras.tierradelfuego.gov.ar\/wp-content\/uploads\/2018\/07\/Compra-Directa-N\u00b0-574-18.pdf\">DESCARGAR &#8211; CD N\u00b0 574-18<\/a><\/strong><\/p>\n","protected":false},"excerpt":{"rendered":"<p>COMPRA DIRECTA N\u00b0 574\/18 &#8211; EXPEDIENTE N\u00b0 10386-MD\/18 &#8211; AQUISICI\u00d3N DE EQUIPAMIENTO MOBILIARIO DESTINADO AL CENTRO INFANTIL INTEGRADO \u00abAMANDA BEBAN\u00bb Y AL CENTRO DE ACCI\u00d3N FAMILIAR DEPENDIENTE DE LA DIRECCI\u00d3N GENERAL DE NI\u00d1EZ &#8211; M.D.S., SEG\u00daN CONDICIONES DETALLADAS EN EL FORMULARIO DE COTIZACI\u00d3N ADJUNTO. CABE ACLARAR QUE EL PLAZO ESTABLECIDO PARA LA PRESENTACI\u00d3N DE LAS [&hellip;]<\/p>\n","protected":false},"author":1,"featured_media":0,"comment_status":"open","ping_status":"open","sticky":false,"template":"","format":"standard","meta":{"footnotes":""},"categories":[3,11,20],"tags":[],"class_list":["post-24127","post","type-post","status-publish","format-standard","hentry","category-compras","category-directa","category-ministerio-de-desarrollo-social"],"_links":{"self":[{"href":"https:\/\/compras.tierradelfuego.gob.ar\/index.php?rest_route=\/wp\/v2\/posts\/24127","targetHints":{"allow":["GET"]}}],"collection":[{"href":"https:\/\/compras.tierradelfuego.gob.ar\/index.php?rest_route=\/wp\/v2\/posts"}],"about":[{"href":"https:\/\/compras.tierradelfuego.gob.ar\/index.php?rest_route=\/wp\/v2\/types\/post"}],"author":[{"embeddable":true,"href":"https:\/\/compras.tierradelfuego.gob.ar\/index.php?rest_route=\/wp\/v2\/users\/1"}],"replies":[{"embeddable":true,"href":"https:\/\/compras.tierradelfuego.gob.ar\/index.php?rest_route=%2Fwp%2Fv2%2Fcomments&post=24127"}],"version-history":[{"count":0,"href":"https:\/\/compras.tierradelfuego.gob.ar\/index.php?rest_route=\/wp\/v2\/posts\/24127\/revisions"}],"wp:attachment":[{"href":"https:\/\/compras.tierradelfuego.gob.ar\/index.php?rest_route=%2Fwp%2Fv2%2Fmedia&parent=24127"}],"wp:term":[{"taxonomy":"category","embeddable":true,"href":"https:\/\/compras.tierradelfuego.gob.ar\/index.php?rest_route=%2Fwp%2Fv2%2Fcategories&post=24127"},{"taxonomy":"post_tag","embeddable":true,"href":"https:\/\/compras.tierradelfuego.gob.ar\/index.php?rest_route=%2Fwp%2Fv2%2Ftags&post=24127"}],"curies":[{"name":"wp","href":"https:\/\/api.w.org\/{rel}","templated":true}]}}