{"id":24047,"date":"2018-07-16T14:40:57","date_gmt":"2018-07-16T17:40:57","guid":{"rendered":"http:\/\/compras.tierradelfuego.gov.ar\/?p=24047"},"modified":"2018-07-16T14:40:57","modified_gmt":"2018-07-16T17:40:57","slug":"compra-directa-n-57818-locacion-de-servicios-de-un-profesional","status":"publish","type":"post","link":"https:\/\/compras.tierradelfuego.gob.ar\/?p=24047","title":{"rendered":"COMPRA DIRECTA N\u00b0 578\/18 -LOCACI\u00d3N DE SERVICIOS DE UN PROFESIONAL"},"content":{"rendered":"<p><strong>COMPRA DIRECTA N\u00b0 578\/18<\/strong> &#8211; EXPEDIENTE N\u00b0 8258-MD\/2018 &#8211; \u00abCONTRATACI\u00d3N DE <strong>LOCACI\u00d3N DE SERVICIOS DE UN PROFESIONAL<\/strong> CON T\u00cdTULO LICENCIADO EN TRABAJO SOCIAL, POR EL T\u00c9RMINO DE DOS (2) A\u00d1O, FUNDAMENTA LA PROPUESTA EN EL MARCO DEL PROYECTO \u00abIMPLEMENTACI\u00d3N DE DISPOSITIVOS DE APOYO SOCIO- FAMILIARES EN LA LOCALIDAD DE USHUAIA\u00bb.<\/p>\n<p><strong>RECEPCI\u00d3N DE OFERTAS:<\/strong> HASTA EL 20\/07\/2018 16.00 HS<\/p>\n<p><strong>LUGAR DE PRESENTACI\u00d3N:<\/strong> SUBSECRETARIA DE PROTECCI\u00d3NDE NI\u00d1EZ ADOLESCENCIA Y FAMILIA- MINISTERIO DE DESARROLLO SOCIAL, SITO EN GUIRALDES N\u00b0 576 1\u00b0 PISO DE LA CIUDAD DE USHUAIA.<\/p>\n<p><strong><a href=\"http:\/\/compras.tierradelfuego.gov.ar\/wp-content\/uploads\/2018\/07\/578-181.pdf\">DESCARGAR &#8211; CD 578-18<\/a><\/strong><\/p>\n","protected":false},"excerpt":{"rendered":"<p>COMPRA DIRECTA N\u00b0 578\/18 &#8211; EXPEDIENTE N\u00b0 8258-MD\/2018 &#8211; \u00abCONTRATACI\u00d3N DE LOCACI\u00d3N DE SERVICIOS DE UN PROFESIONAL CON T\u00cdTULO LICENCIADO EN TRABAJO SOCIAL, POR EL T\u00c9RMINO DE DOS (2) A\u00d1O, FUNDAMENTA LA PROPUESTA EN EL MARCO DEL PROYECTO \u00abIMPLEMENTACI\u00d3N DE DISPOSITIVOS DE APOYO SOCIO- FAMILIARES EN LA LOCALIDAD DE USHUAIA\u00bb. RECEPCI\u00d3N DE OFERTAS: HASTA EL [&hellip;]<\/p>\n","protected":false},"author":1,"featured_media":0,"comment_status":"open","ping_status":"open","sticky":false,"template":"","format":"standard","meta":{"footnotes":""},"categories":[3,11,20],"tags":[],"class_list":["post-24047","post","type-post","status-publish","format-standard","hentry","category-compras","category-directa","category-ministerio-de-desarrollo-social"],"_links":{"self":[{"href":"https:\/\/compras.tierradelfuego.gob.ar\/index.php?rest_route=\/wp\/v2\/posts\/24047","targetHints":{"allow":["GET"]}}],"collection":[{"href":"https:\/\/compras.tierradelfuego.gob.ar\/index.php?rest_route=\/wp\/v2\/posts"}],"about":[{"href":"https:\/\/compras.tierradelfuego.gob.ar\/index.php?rest_route=\/wp\/v2\/types\/post"}],"author":[{"embeddable":true,"href":"https:\/\/compras.tierradelfuego.gob.ar\/index.php?rest_route=\/wp\/v2\/users\/1"}],"replies":[{"embeddable":true,"href":"https:\/\/compras.tierradelfuego.gob.ar\/index.php?rest_route=%2Fwp%2Fv2%2Fcomments&post=24047"}],"version-history":[{"count":0,"href":"https:\/\/compras.tierradelfuego.gob.ar\/index.php?rest_route=\/wp\/v2\/posts\/24047\/revisions"}],"wp:attachment":[{"href":"https:\/\/compras.tierradelfuego.gob.ar\/index.php?rest_route=%2Fwp%2Fv2%2Fmedia&parent=24047"}],"wp:term":[{"taxonomy":"category","embeddable":true,"href":"https:\/\/compras.tierradelfuego.gob.ar\/index.php?rest_route=%2Fwp%2Fv2%2Fcategories&post=24047"},{"taxonomy":"post_tag","embeddable":true,"href":"https:\/\/compras.tierradelfuego.gob.ar\/index.php?rest_route=%2Fwp%2Fv2%2Ftags&post=24047"}],"curies":[{"name":"wp","href":"https:\/\/api.w.org\/{rel}","templated":true}]}}