{"id":24041,"date":"2018-07-16T14:21:08","date_gmt":"2018-07-16T17:21:08","guid":{"rendered":"http:\/\/compras.tierradelfuego.gov.ar\/?p=24041"},"modified":"2018-07-16T14:21:08","modified_gmt":"2018-07-16T17:21:08","slug":"compra-directa-n-57618-locacion-de-servicios-de-un-profesional-abogado","status":"publish","type":"post","link":"https:\/\/compras.tierradelfuego.gob.ar\/?p=24041","title":{"rendered":"COMPRA DIRECTA N\u00b0 576\/18 &#8211; LOCACI\u00d3N DE SERVICIOS DE UN PROFESIONAL ABOGADO"},"content":{"rendered":"<p><strong>COMPRA DIRECTA N\u00b0 576\/18<\/strong> &#8211; EXPEDIENTE N\u00b0 9187-MD\/2018 &#8211; \u00abCONTRATACI\u00d3N DE<strong> LOCACI\u00d3N DE SERVICIOS<\/strong> <strong>DE UN PROFESIONAL ABOGADO<\/strong>, POR EL T\u00c9RMINO DE DOS (2) A\u00d1O, EN EL MARCO DEL PROYECTO PERPETIVA DE G\u00c9NERO, VIOLENCIAS, DIVERSIDAD, PROMOCI\u00d3N Y PREVENCI\u00d3N EN COLEGIOS SECUNDARIOS\u00bb.<\/p>\n<p><strong>RECEPCI\u00d3N DE OFERTAS:<\/strong> HASTA EL 20\/07\/2018 16.00 HS<\/p>\n<p><strong>LUGAR DE PRESENTACI\u00d3N:<\/strong> DIRECCI\u00d3N DE DERECHOS DE FAMILIA Y POLITICAS DE G\u00c9NERO- MINISTERIO DE DESARROLLO SOCIAL, SITO EN GUIRALDES N\u00b0 576 1\u00b0 PISO DE LA CIUDAD DE USHUAIA.<\/p>\n<p><strong><a href=\"http:\/\/compras.tierradelfuego.gov.ar\/wp-content\/uploads\/2018\/07\/576-18.pdf\">DESCARGAR &#8211; CD 576-18<\/a><\/strong><\/p>\n","protected":false},"excerpt":{"rendered":"<p>COMPRA DIRECTA N\u00b0 576\/18 &#8211; EXPEDIENTE N\u00b0 9187-MD\/2018 &#8211; \u00abCONTRATACI\u00d3N DE LOCACI\u00d3N DE SERVICIOS DE UN PROFESIONAL ABOGADO, POR EL T\u00c9RMINO DE DOS (2) A\u00d1O, EN EL MARCO DEL PROYECTO PERPETIVA DE G\u00c9NERO, VIOLENCIAS, DIVERSIDAD, PROMOCI\u00d3N Y PREVENCI\u00d3N EN COLEGIOS SECUNDARIOS\u00bb. RECEPCI\u00d3N DE OFERTAS: HASTA EL 20\/07\/2018 16.00 HS LUGAR DE PRESENTACI\u00d3N: DIRECCI\u00d3N DE DERECHOS [&hellip;]<\/p>\n","protected":false},"author":1,"featured_media":0,"comment_status":"open","ping_status":"open","sticky":false,"template":"","format":"standard","meta":{"footnotes":""},"categories":[3,11,20],"tags":[],"class_list":["post-24041","post","type-post","status-publish","format-standard","hentry","category-compras","category-directa","category-ministerio-de-desarrollo-social"],"_links":{"self":[{"href":"https:\/\/compras.tierradelfuego.gob.ar\/index.php?rest_route=\/wp\/v2\/posts\/24041","targetHints":{"allow":["GET"]}}],"collection":[{"href":"https:\/\/compras.tierradelfuego.gob.ar\/index.php?rest_route=\/wp\/v2\/posts"}],"about":[{"href":"https:\/\/compras.tierradelfuego.gob.ar\/index.php?rest_route=\/wp\/v2\/types\/post"}],"author":[{"embeddable":true,"href":"https:\/\/compras.tierradelfuego.gob.ar\/index.php?rest_route=\/wp\/v2\/users\/1"}],"replies":[{"embeddable":true,"href":"https:\/\/compras.tierradelfuego.gob.ar\/index.php?rest_route=%2Fwp%2Fv2%2Fcomments&post=24041"}],"version-history":[{"count":0,"href":"https:\/\/compras.tierradelfuego.gob.ar\/index.php?rest_route=\/wp\/v2\/posts\/24041\/revisions"}],"wp:attachment":[{"href":"https:\/\/compras.tierradelfuego.gob.ar\/index.php?rest_route=%2Fwp%2Fv2%2Fmedia&parent=24041"}],"wp:term":[{"taxonomy":"category","embeddable":true,"href":"https:\/\/compras.tierradelfuego.gob.ar\/index.php?rest_route=%2Fwp%2Fv2%2Fcategories&post=24041"},{"taxonomy":"post_tag","embeddable":true,"href":"https:\/\/compras.tierradelfuego.gob.ar\/index.php?rest_route=%2Fwp%2Fv2%2Ftags&post=24041"}],"curies":[{"name":"wp","href":"https:\/\/api.w.org\/{rel}","templated":true}]}}