{"id":239752,"date":"2025-05-14T14:32:38","date_gmt":"2025-05-14T17:32:38","guid":{"rendered":"https:\/\/compras.tierradelfuego.gob.ar\/?p=239752"},"modified":"2025-05-14T14:33:10","modified_gmt":"2025-05-14T17:33:10","slug":"preadjudicacion-de-la-licitacion-privada-n-01-25-raf-650-expediente-n-aif-e-21675-2025-referente-a-la-adquisicion-de-equipamiento-tecnologico-destinado-a-la-ejecucion-del-proyecto-del","status":"publish","type":"post","link":"https:\/\/compras.tierradelfuego.gob.ar\/?p=239752","title":{"rendered":"PREADJUDICACI\u00d3N DE LA LICITACI\u00d3N PRIVADA N\u00b0 01\/25 &#8211; RAF 650  EXPEDIENTE N\u00b0 AIF-E-21675-2025, REFERENTE A LA ADQUISICI\u00d3N DE EQUIPAMIENTO TECNOL\u00d3GICO DESTINADO A LA EJECUCI\u00d3N DEL PROYECTO DEL PROGRAMA NACIONAL \u201cNODOS DE LA ECONOM\u00cdA DEL CONOCIMIENTO\u201d, EN EL \u00c1MBITO DE LA SECRETAR\u00cdA DE ECONOM\u00cdA DEL CONOCIMIENTO, DEPENDIENTE DE LA AGENCIA DE INNOVACI\u00d3N DE TIERRA DEL FUEGO, ANT\u00c1RTIDA E ISLAS DEL ATL\u00c1NTICO SUR."},"content":{"rendered":"<p>PREADJUDICACI\u00d3N &#8211; LICITACI\u00d3N PRIVADA N\u00b0 01\/25 &#8211; RAF 650<br \/>\nEXPEDIENTE N\u00b0\u00a0AIF-E-21675-2025, REFERENTE A LA\u00a0ADQUISICI\u00d3N DE EQUIPAMIENTO TECNOL\u00d3GICO DESTINADO A LA EJECUCI\u00d3N DEL PROYECTO DEL PROGRAMA NACIONAL \u201cNODOS DE LA ECONOM\u00cdA DEL CONOCIMIENTO\u201d, EN EL \u00c1MBITO DE LA SECRETAR\u00cdA DE ECONOM\u00cdA DEL CONOCIMIENTO, DEPENDIENTE DE LA AGENCIA DE INNOVACI\u00d3N DE TIERRA DEL FUEGO, ANT\u00c1RTIDA E ISLAS DEL ATL\u00c1NTICO SUR.<\/p>\n<p>&nbsp;<\/p>\n<p><a href=\"https:\/\/compras.tierradelfuego.gob.ar\/wp-content\/uploads\/2025\/05\/acta-ampliatoria-de-preadjudicacion.pdf\">acta-ampliatoria-de-preadjudicacion<\/a><\/p>\n","protected":false},"excerpt":{"rendered":"<p>PREADJUDICACI\u00d3N &#8211; LICITACI\u00d3N PRIVADA N\u00b0 01\/25 &#8211; RAF 650 EXPEDIENTE N\u00b0\u00a0AIF-E-21675-2025, REFERENTE A LA\u00a0ADQUISICI\u00d3N DE EQUIPAMIENTO TECNOL\u00d3GICO DESTINADO A LA EJECUCI\u00d3N DEL PROYECTO DEL PROGRAMA NACIONAL \u201cNODOS DE LA ECONOM\u00cdA DEL CONOCIMIENTO\u201d, EN EL \u00c1MBITO DE LA SECRETAR\u00cdA DE ECONOM\u00cdA DEL CONOCIMIENTO, DEPENDIENTE DE LA AGENCIA DE INNOVACI\u00d3N DE TIERRA DEL FUEGO, ANT\u00c1RTIDA E ISLAS [&hellip;]<\/p>\n","protected":false},"author":17,"featured_media":0,"comment_status":"closed","ping_status":"closed","sticky":false,"template":"","format":"standard","meta":{"footnotes":""},"categories":[201,3,18,184],"tags":[],"class_list":["post-239752","post","type-post","status-publish","format-standard","hentry","category-agencia-de-innovacion-tdf","category-compras","category-licitacion-privada","category-preadjudicadas"],"_links":{"self":[{"href":"https:\/\/compras.tierradelfuego.gob.ar\/index.php?rest_route=\/wp\/v2\/posts\/239752","targetHints":{"allow":["GET"]}}],"collection":[{"href":"https:\/\/compras.tierradelfuego.gob.ar\/index.php?rest_route=\/wp\/v2\/posts"}],"about":[{"href":"https:\/\/compras.tierradelfuego.gob.ar\/index.php?rest_route=\/wp\/v2\/types\/post"}],"author":[{"embeddable":true,"href":"https:\/\/compras.tierradelfuego.gob.ar\/index.php?rest_route=\/wp\/v2\/users\/17"}],"replies":[{"embeddable":true,"href":"https:\/\/compras.tierradelfuego.gob.ar\/index.php?rest_route=%2Fwp%2Fv2%2Fcomments&post=239752"}],"version-history":[{"count":1,"href":"https:\/\/compras.tierradelfuego.gob.ar\/index.php?rest_route=\/wp\/v2\/posts\/239752\/revisions"}],"predecessor-version":[{"id":239754,"href":"https:\/\/compras.tierradelfuego.gob.ar\/index.php?rest_route=\/wp\/v2\/posts\/239752\/revisions\/239754"}],"wp:attachment":[{"href":"https:\/\/compras.tierradelfuego.gob.ar\/index.php?rest_route=%2Fwp%2Fv2%2Fmedia&parent=239752"}],"wp:term":[{"taxonomy":"category","embeddable":true,"href":"https:\/\/compras.tierradelfuego.gob.ar\/index.php?rest_route=%2Fwp%2Fv2%2Fcategories&post=239752"},{"taxonomy":"post_tag","embeddable":true,"href":"https:\/\/compras.tierradelfuego.gob.ar\/index.php?rest_route=%2Fwp%2Fv2%2Ftags&post=239752"}],"curies":[{"name":"wp","href":"https:\/\/api.w.org\/{rel}","templated":true}]}}