{"id":235537,"date":"2025-04-07T14:47:53","date_gmt":"2025-04-07T17:47:53","guid":{"rendered":"https:\/\/compras.tierradelfuego.gob.ar\/?p=235537"},"modified":"2025-04-07T14:48:44","modified_gmt":"2025-04-07T17:48:44","slug":"compra-directa-n-0001-25-540-expediente-mte-e-21027-2025-objeto-s-contratacion-servicio-de-digitalizacion-impresion-y-fotocopiado-para-las-oficinas-del-ministerio-de-trabajo-y-empleo-por","status":"publish","type":"post","link":"https:\/\/compras.tierradelfuego.gob.ar\/?p=235537","title":{"rendered":"COMPRA DIRECTA N\u00b0 0001-25-540 &#8211; EXPEDIENTE MTE-E-21027-2025.  OBJETO: S\/ CONTRATACI\u00d3N SERVICIO DE DIGITALIZACI\u00d3N, IMPRESI\u00d3N Y FOTOCOPIADO PARA LAS OFICINAS DEL MINISTERIO DE TRABAJO Y EMPLEO POR 6 MESES."},"content":{"rendered":"<p>COMPRA DIRECTA N\u00b0 0001-25-540 &#8211; EXPEDIENTE MTE-E-21027-2025.<\/p>\n<p>OBJETO: S\/ CONTRATACI\u00d3N SERVICIO DE DIGITALIZACI\u00d3N, IMPRESI\u00d3N Y FOTOCOPIADO PARA LAS OFICINAS DEL MINISTERIO DE TRABAJO Y EMPLEO POR 6 MESES.<\/p>\n<p>&nbsp;<\/p>\n<p>RESOLUCI\u00d3N SUB. R. I. N\u00b0 001\/25 &#8211; COMPRA DIRECTA N\u00b0 01\/25 &#8211; RAF 540.<\/p>\n<p>&nbsp;<\/p>\n<p><a href=\"https:\/\/compras.tierradelfuego.gob.ar\/wp-content\/uploads\/2025\/04\/orden-compra-n-1-2025.pdf\">orden-compra-n-1-2025<\/a><\/p>\n<p>&nbsp;<\/p>\n<p><a href=\"https:\/\/compras.tierradelfuego.gob.ar\/wp-content\/uploads\/2025\/04\/resolucion-sub-r-i-001-25.pdf\">resolucion-sub-r-i-001-25<\/a><\/p>\n<p>&nbsp;<\/p>\n","protected":false},"excerpt":{"rendered":"<p>COMPRA DIRECTA N\u00b0 0001-25-540 &#8211; EXPEDIENTE MTE-E-21027-2025. OBJETO: S\/ CONTRATACI\u00d3N SERVICIO DE DIGITALIZACI\u00d3N, IMPRESI\u00d3N Y FOTOCOPIADO PARA LAS OFICINAS DEL MINISTERIO DE TRABAJO Y EMPLEO POR 6 MESES. &nbsp; RESOLUCI\u00d3N SUB. R. I. N\u00b0 001\/25 &#8211; COMPRA DIRECTA N\u00b0 01\/25 &#8211; RAF 540. &nbsp; orden-compra-n-1-2025 &nbsp; resolucion-sub-r-i-001-25 &nbsp;<\/p>\n","protected":false},"author":17,"featured_media":0,"comment_status":"closed","ping_status":"closed","sticky":false,"template":"","format":"standard","meta":{"footnotes":""},"categories":[3,11,26],"tags":[],"class_list":["post-235537","post","type-post","status-publish","format-standard","hentry","category-compras","category-directa","category-ministerio-de-trabajo"],"_links":{"self":[{"href":"https:\/\/compras.tierradelfuego.gob.ar\/index.php?rest_route=\/wp\/v2\/posts\/235537","targetHints":{"allow":["GET"]}}],"collection":[{"href":"https:\/\/compras.tierradelfuego.gob.ar\/index.php?rest_route=\/wp\/v2\/posts"}],"about":[{"href":"https:\/\/compras.tierradelfuego.gob.ar\/index.php?rest_route=\/wp\/v2\/types\/post"}],"author":[{"embeddable":true,"href":"https:\/\/compras.tierradelfuego.gob.ar\/index.php?rest_route=\/wp\/v2\/users\/17"}],"replies":[{"embeddable":true,"href":"https:\/\/compras.tierradelfuego.gob.ar\/index.php?rest_route=%2Fwp%2Fv2%2Fcomments&post=235537"}],"version-history":[{"count":1,"href":"https:\/\/compras.tierradelfuego.gob.ar\/index.php?rest_route=\/wp\/v2\/posts\/235537\/revisions"}],"predecessor-version":[{"id":235540,"href":"https:\/\/compras.tierradelfuego.gob.ar\/index.php?rest_route=\/wp\/v2\/posts\/235537\/revisions\/235540"}],"wp:attachment":[{"href":"https:\/\/compras.tierradelfuego.gob.ar\/index.php?rest_route=%2Fwp%2Fv2%2Fmedia&parent=235537"}],"wp:term":[{"taxonomy":"category","embeddable":true,"href":"https:\/\/compras.tierradelfuego.gob.ar\/index.php?rest_route=%2Fwp%2Fv2%2Fcategories&post=235537"},{"taxonomy":"post_tag","embeddable":true,"href":"https:\/\/compras.tierradelfuego.gob.ar\/index.php?rest_route=%2Fwp%2Fv2%2Ftags&post=235537"}],"curies":[{"name":"wp","href":"https:\/\/api.w.org\/{rel}","templated":true}]}}