{"id":234614,"date":"2025-03-31T13:58:41","date_gmt":"2025-03-31T16:58:41","guid":{"rendered":"https:\/\/compras.tierradelfuego.gob.ar\/?p=234614"},"modified":"2025-03-31T13:58:41","modified_gmt":"2025-03-31T16:58:41","slug":"resolucion-sub-t-z-n-n-96-25-que-rectifica-el-llamado-de-resolucion-sub-t-z-n-n-79-25-en-relacion-a-la-compra-directa-n-1-25-del-expediente-mte-e-21027-2025-s-contratacio","status":"publish","type":"post","link":"https:\/\/compras.tierradelfuego.gob.ar\/?p=234614","title":{"rendered":"RESOLUCI\u00d3N SUB. T. Z. N. N\u00b0 96\/25 QUE RECTIFICA EL LLAMADO DE RESOLUCI\u00d3N SUB. T. Z. N. N\u00b0 79\/25, EN RELACI\u00d3N A LA COMPRA DIRECTA N\u00b0 1\/25 DEL EXPEDIENTE MTE-E-21027\/2025 &#8211; S\/ CONTRATACI\u00d3N SERVICIO DE DIGITALIZACI\u00d3N, IMPRESI\u00d3N Y FOTOCOPIADO PARA LAS OFICINAS DEL MINISTERIO DE TRABAJO Y EMPLEO POR 6 MESES."},"content":{"rendered":"<p>RESOLUCI\u00d3N SUB. T. Z. N. N\u00b0 96\/25 QUE RECTIFICA EL LLAMADO DE RESOLUCI\u00d3N SUB. T. Z. N. N\u00b0 79\/25, EN RELACI\u00d3N A LA COMPRA DIRECTA N\u00b0 1\/25 DEL EXPEDIENTE MTE-E-21027\/2025 &#8211;\u00a0S\/ CONTRATACI\u00d3N SERVICIO DE DIGITALIZACI\u00d3N, IMPRESI\u00d3N Y FOTOCOPIADO PARA LAS OFICINAS DEL MINISTERIO DE TRABAJO Y EMPLEO POR 6 MESES.<\/p>\n<p><a href=\"https:\/\/compras.tierradelfuego.gob.ar\/wp-content\/uploads\/2025\/03\/resolucion-subtzn-n-096-25fd.pdf\">resolucion-subtzn-n-096-25fd<\/a><\/p>\n","protected":false},"excerpt":{"rendered":"<p>RESOLUCI\u00d3N SUB. T. Z. N. N\u00b0 96\/25 QUE RECTIFICA EL LLAMADO DE RESOLUCI\u00d3N SUB. T. Z. N. N\u00b0 79\/25, EN RELACI\u00d3N A LA COMPRA DIRECTA N\u00b0 1\/25 DEL EXPEDIENTE MTE-E-21027\/2025 &#8211;\u00a0S\/ CONTRATACI\u00d3N SERVICIO DE DIGITALIZACI\u00d3N, IMPRESI\u00d3N Y FOTOCOPIADO PARA LAS OFICINAS DEL MINISTERIO DE TRABAJO Y EMPLEO POR 6 MESES. resolucion-subtzn-n-096-25fd<\/p>\n","protected":false},"author":22,"featured_media":0,"comment_status":"closed","ping_status":"closed","sticky":false,"template":"","format":"standard","meta":{"footnotes":""},"categories":[3,6,11,26],"tags":[],"class_list":["post-234614","post","type-post","status-publish","format-standard","hentry","category-compras","category-descargar","category-directa","category-ministerio-de-trabajo"],"_links":{"self":[{"href":"https:\/\/compras.tierradelfuego.gob.ar\/index.php?rest_route=\/wp\/v2\/posts\/234614","targetHints":{"allow":["GET"]}}],"collection":[{"href":"https:\/\/compras.tierradelfuego.gob.ar\/index.php?rest_route=\/wp\/v2\/posts"}],"about":[{"href":"https:\/\/compras.tierradelfuego.gob.ar\/index.php?rest_route=\/wp\/v2\/types\/post"}],"author":[{"embeddable":true,"href":"https:\/\/compras.tierradelfuego.gob.ar\/index.php?rest_route=\/wp\/v2\/users\/22"}],"replies":[{"embeddable":true,"href":"https:\/\/compras.tierradelfuego.gob.ar\/index.php?rest_route=%2Fwp%2Fv2%2Fcomments&post=234614"}],"version-history":[{"count":1,"href":"https:\/\/compras.tierradelfuego.gob.ar\/index.php?rest_route=\/wp\/v2\/posts\/234614\/revisions"}],"predecessor-version":[{"id":234616,"href":"https:\/\/compras.tierradelfuego.gob.ar\/index.php?rest_route=\/wp\/v2\/posts\/234614\/revisions\/234616"}],"wp:attachment":[{"href":"https:\/\/compras.tierradelfuego.gob.ar\/index.php?rest_route=%2Fwp%2Fv2%2Fmedia&parent=234614"}],"wp:term":[{"taxonomy":"category","embeddable":true,"href":"https:\/\/compras.tierradelfuego.gob.ar\/index.php?rest_route=%2Fwp%2Fv2%2Fcategories&post=234614"},{"taxonomy":"post_tag","embeddable":true,"href":"https:\/\/compras.tierradelfuego.gob.ar\/index.php?rest_route=%2Fwp%2Fv2%2Ftags&post=234614"}],"curies":[{"name":"wp","href":"https:\/\/api.w.org\/{rel}","templated":true}]}}