{"id":234260,"date":"2025-03-28T10:47:42","date_gmt":"2025-03-28T13:47:42","guid":{"rendered":"https:\/\/compras.tierradelfuego.gob.ar\/?p=234260"},"modified":"2025-03-28T10:54:52","modified_gmt":"2025-03-28T13:54:52","slug":"contratacion-directa-n-31-2025-raf-103-ley-1015-art-18-inc-l-expediente-mec-n-25954-2025-objeto-contratacion-servicio-de-catering-para-ochenta-80-personas-para-e","status":"publish","type":"post","link":"https:\/\/compras.tierradelfuego.gob.ar\/?p=234260","title":{"rendered":"CONTRATACI\u00d3N DIRECTA N\u00b0 31-2025-RAF 103-LEY 1015 ART. 18 INC. L).-EXPEDIENTE MEC N\u00b0 25954-2025\u00a0 \u00a0  OBJETO:\u00a0 CONTRATACI\u00d3N SERVICIO DE CATERING PARA OCHENTA (80) PERSONAS PARA EL CIERRE DEL \u201cPROGRAMA PROVINCIAL DE FOMENTO DE EMPRENDEDORAS MUJERES F.E.M.\u201d, ACTIVIDAD ORGANIZADA POR LA SECRETAR\u00cdA DE ECONOM\u00cdA POPULAR Y EMPRENDEDURISMO DEPENDIENTE DEL MINISTERIO DE ECONOM\u00cdA, PREVISTO PARA EL D\u00cdA 28 DE MARZO EN LAS INSTALACIONES SAL\u00d3N DEL IPRA, SITO EN AVENIDA PERITO MORENO N\u00ba 168 DE LA CIUDAD DE R\u00cdO GRANDE."},"content":{"rendered":"<p>CONTRATACI\u00d3N DIRECTA N\u00b0 31-2025-RAF 103-LEY 1015 ART. 18 INC. L).-EXPEDIENTE MEC N\u00b0 25954-2025<\/p>\n<p>OBJETO:\u00a0 CONTRATACI\u00d3N SERVICIO DE CATERING PARA OCHENTA (80) PERSONAS PARA EL CIERRE DEL \u201cPROGRAMA PROVINCIAL DE FOMENTO DE EMPRENDEDORAS MUJERES F.E.M.\u201d, ACTIVIDAD ORGANIZADA POR LA SECRETAR\u00cdA DE ECONOM\u00cdA POPULAR Y EMPRENDEDURISMO DEPENDIENTE DEL MINISTERIO DE ECONOM\u00cdA, PREVISTO PARA EL D\u00cdA 28 DE MARZO EN LAS INSTALACIONES SAL\u00d3N DEL IPRA, SITO EN AVENIDA PERITO MORENO N\u00ba 168 DE LA CIUDAD DE R\u00cdO GRANDE.<\/p>\n<p>&nbsp;<\/p>\n<p><a href=\"https:\/\/compras.tierradelfuego.gob.ar\/wp-content\/uploads\/2025\/03\/res.29.pdf\">res.29<\/a><\/p>\n<p>&nbsp;<\/p>\n<p>&nbsp;<\/p>\n","protected":false},"excerpt":{"rendered":"<p>CONTRATACI\u00d3N DIRECTA N\u00b0 31-2025-RAF 103-LEY 1015 ART. 18 INC. L).-EXPEDIENTE MEC N\u00b0 25954-2025 OBJETO:\u00a0 CONTRATACI\u00d3N SERVICIO DE CATERING PARA OCHENTA (80) PERSONAS PARA EL CIERRE DEL \u201cPROGRAMA PROVINCIAL DE FOMENTO DE EMPRENDEDORAS MUJERES F.E.M.\u201d, ACTIVIDAD ORGANIZADA POR LA SECRETAR\u00cdA DE ECONOM\u00cdA POPULAR Y EMPRENDEDURISMO DEPENDIENTE DEL MINISTERIO DE ECONOM\u00cdA, PREVISTO PARA EL D\u00cdA 28 DE [&hellip;]<\/p>\n","protected":false},"author":17,"featured_media":0,"comment_status":"closed","ping_status":"closed","sticky":false,"template":"","format":"standard","meta":{"footnotes":""},"categories":[3,11,21],"tags":[],"class_list":["post-234260","post","type-post","status-publish","format-standard","hentry","category-compras","category-directa","category-ministerio-de-economia"],"_links":{"self":[{"href":"https:\/\/compras.tierradelfuego.gob.ar\/index.php?rest_route=\/wp\/v2\/posts\/234260","targetHints":{"allow":["GET"]}}],"collection":[{"href":"https:\/\/compras.tierradelfuego.gob.ar\/index.php?rest_route=\/wp\/v2\/posts"}],"about":[{"href":"https:\/\/compras.tierradelfuego.gob.ar\/index.php?rest_route=\/wp\/v2\/types\/post"}],"author":[{"embeddable":true,"href":"https:\/\/compras.tierradelfuego.gob.ar\/index.php?rest_route=\/wp\/v2\/users\/17"}],"replies":[{"embeddable":true,"href":"https:\/\/compras.tierradelfuego.gob.ar\/index.php?rest_route=%2Fwp%2Fv2%2Fcomments&post=234260"}],"version-history":[{"count":1,"href":"https:\/\/compras.tierradelfuego.gob.ar\/index.php?rest_route=\/wp\/v2\/posts\/234260\/revisions"}],"predecessor-version":[{"id":234262,"href":"https:\/\/compras.tierradelfuego.gob.ar\/index.php?rest_route=\/wp\/v2\/posts\/234260\/revisions\/234262"}],"wp:attachment":[{"href":"https:\/\/compras.tierradelfuego.gob.ar\/index.php?rest_route=%2Fwp%2Fv2%2Fmedia&parent=234260"}],"wp:term":[{"taxonomy":"category","embeddable":true,"href":"https:\/\/compras.tierradelfuego.gob.ar\/index.php?rest_route=%2Fwp%2Fv2%2Fcategories&post=234260"},{"taxonomy":"post_tag","embeddable":true,"href":"https:\/\/compras.tierradelfuego.gob.ar\/index.php?rest_route=%2Fwp%2Fv2%2Ftags&post=234260"}],"curies":[{"name":"wp","href":"https:\/\/api.w.org\/{rel}","templated":true}]}}