{"id":234122,"date":"2025-03-27T12:39:53","date_gmt":"2025-03-27T15:39:53","guid":{"rendered":"https:\/\/compras.tierradelfuego.gob.ar\/?p=234122"},"modified":"2025-03-27T12:40:14","modified_gmt":"2025-03-27T15:40:14","slug":"contratacion-directa-n-29-2025-raf-103-expediente-n-mec-e-23857-2025-objeto-adquisicion-de-tinta-para-impresion-de-cuadernillos-de-los-talleres-de-capacitacion-de-emprendedores-c","status":"publish","type":"post","link":"https:\/\/compras.tierradelfuego.gob.ar\/?p=234122","title":{"rendered":"CONTRATACI\u00d3N DIRECTA N\u00b0 29\/2025 &#8211; RAF 103 &#8211; EXPEDIENTE N\u00b0 MEC &#8211; E-23857-2025- OBJETO: ADQUISICI\u00d3N DE TINTA PARA IMPRESI\u00d3N DE CUADERNILLOS DE LOS TALLERES DE CAPACITACI\u00d3N DE EMPRENDEDORES \u00abCONTACTANDONOS\u00bb"},"content":{"rendered":"<p>CONTRATACI\u00d3N DIRECTA N\u00b0 29\/2025 &#8211; RAF 103 &#8211; EXPEDIENTE N\u00b0 MEC &#8211; E-23857-2025<\/p>\n<p>OBJETO: ADQUISICI\u00d3N DE TINTA PARA IMPRESI\u00d3N DE CUADERNILLOS DE LOS TALLERES DE CAPACITACI\u00d3N DE EMPRENDEDORES \u00abCONTACTANDONOS\u00bb<\/p>\n<p>DIFUSI\u00d3N: S E P Y E N\u00ba 6-25 &#8211; CONTRATACI\u00d3N DIRECTA N\u00b0 29\/2025 &#8211; RAF 103 &#8211; EXPEDIENTE N\u00b0 MEC &#8211; E-23857-2025 &#8211; LAVORI GUSTAVO<\/p>\n<p>&nbsp;<\/p>\n<p>&nbsp;<\/p>\n<p><a href=\"https:\/\/compras.tierradelfuego.gob.ar\/wp-content\/uploads\/2025\/03\/s.e.-pye.-n.-6.pdf\">s.e.-pye.-n.-6<\/a><\/p>\n","protected":false},"excerpt":{"rendered":"<p>CONTRATACI\u00d3N DIRECTA N\u00b0 29\/2025 &#8211; RAF 103 &#8211; EXPEDIENTE N\u00b0 MEC &#8211; E-23857-2025 OBJETO: ADQUISICI\u00d3N DE TINTA PARA IMPRESI\u00d3N DE CUADERNILLOS DE LOS TALLERES DE CAPACITACI\u00d3N DE EMPRENDEDORES \u00abCONTACTANDONOS\u00bb DIFUSI\u00d3N: S E P Y E N\u00ba 6-25 &#8211; CONTRATACI\u00d3N DIRECTA N\u00b0 29\/2025 &#8211; RAF 103 &#8211; EXPEDIENTE N\u00b0 MEC &#8211; E-23857-2025 &#8211; LAVORI GUSTAVO &nbsp; [&hellip;]<\/p>\n","protected":false},"author":17,"featured_media":0,"comment_status":"closed","ping_status":"closed","sticky":false,"template":"","format":"standard","meta":{"footnotes":""},"categories":[3,11,21],"tags":[],"class_list":["post-234122","post","type-post","status-publish","format-standard","hentry","category-compras","category-directa","category-ministerio-de-economia"],"_links":{"self":[{"href":"https:\/\/compras.tierradelfuego.gob.ar\/index.php?rest_route=\/wp\/v2\/posts\/234122","targetHints":{"allow":["GET"]}}],"collection":[{"href":"https:\/\/compras.tierradelfuego.gob.ar\/index.php?rest_route=\/wp\/v2\/posts"}],"about":[{"href":"https:\/\/compras.tierradelfuego.gob.ar\/index.php?rest_route=\/wp\/v2\/types\/post"}],"author":[{"embeddable":true,"href":"https:\/\/compras.tierradelfuego.gob.ar\/index.php?rest_route=\/wp\/v2\/users\/17"}],"replies":[{"embeddable":true,"href":"https:\/\/compras.tierradelfuego.gob.ar\/index.php?rest_route=%2Fwp%2Fv2%2Fcomments&post=234122"}],"version-history":[{"count":1,"href":"https:\/\/compras.tierradelfuego.gob.ar\/index.php?rest_route=\/wp\/v2\/posts\/234122\/revisions"}],"predecessor-version":[{"id":234124,"href":"https:\/\/compras.tierradelfuego.gob.ar\/index.php?rest_route=\/wp\/v2\/posts\/234122\/revisions\/234124"}],"wp:attachment":[{"href":"https:\/\/compras.tierradelfuego.gob.ar\/index.php?rest_route=%2Fwp%2Fv2%2Fmedia&parent=234122"}],"wp:term":[{"taxonomy":"category","embeddable":true,"href":"https:\/\/compras.tierradelfuego.gob.ar\/index.php?rest_route=%2Fwp%2Fv2%2Fcategories&post=234122"},{"taxonomy":"post_tag","embeddable":true,"href":"https:\/\/compras.tierradelfuego.gob.ar\/index.php?rest_route=%2Fwp%2Fv2%2Ftags&post=234122"}],"curies":[{"name":"wp","href":"https:\/\/api.w.org\/{rel}","templated":true}]}}