{"id":233839,"date":"2025-03-26T09:56:18","date_gmt":"2025-03-26T12:56:18","guid":{"rendered":"https:\/\/compras.tierradelfuego.gob.ar\/?p=233839"},"modified":"2025-03-26T09:57:15","modified_gmt":"2025-03-26T12:57:15","slug":"pre-adjudicacion-licitacion-publica-n-01-25-s-adquisicion-contratacion-de-un-inmueble-para-la-direccion-de-emergencias-107-tramitada-bajo-e-e-n-6939-2025-raf-578","status":"publish","type":"post","link":"https:\/\/compras.tierradelfuego.gob.ar\/?p=233839","title":{"rendered":"PRE ADJUDICACI\u00d3N &#8211; LICITACI\u00d3N P\u00daBLICA N\u00b0 01\/25 \u00abS\/ADQUISICION CONTRATACION DE UN INMUEBLE PARA LA DIRECCION DE EMERGENCIAS 107\u00bb TRAMITADA BAJO E.E N\u00b0 6939\/2025, RAF 578."},"content":{"rendered":"<p>PRE ADJUDICACI\u00d3N &#8211; LICITACI\u00d3N P\u00daBLICA N\u00b0 01\/25 \u00abS\/ADQUISICION CONTRATACION DE UN INMUEBLE PARA LA DIRECCION DE EMERGENCIAS 107\u00bb TRAMITADA BAJO E.E N\u00b0 6939\/2025, RAF 578.<\/p>\n<p>&nbsp;<\/p>\n<p><a href=\"https:\/\/compras.tierradelfuego.gob.ar\/wp-content\/uploads\/2025\/03\/acta-de-preadjudicacion-1.pdf\">acta-de-preadjudicacion-1<\/a><\/p>\n<p>&nbsp;<\/p>\n","protected":false},"excerpt":{"rendered":"<p>PRE ADJUDICACI\u00d3N &#8211; LICITACI\u00d3N P\u00daBLICA N\u00b0 01\/25 \u00abS\/ADQUISICION CONTRATACION DE UN INMUEBLE PARA LA DIRECCION DE EMERGENCIAS 107\u00bb TRAMITADA BAJO E.E N\u00b0 6939\/2025, RAF 578. &nbsp; acta-de-preadjudicacion-1 &nbsp;<\/p>\n","protected":false},"author":17,"featured_media":0,"comment_status":"closed","ping_status":"closed","sticky":false,"template":"","format":"standard","meta":{"footnotes":""},"categories":[3,11,19,184],"tags":[],"class_list":["post-233839","post","type-post","status-publish","format-standard","hentry","category-compras","category-directa","category-licitacion-publica","category-preadjudicadas"],"_links":{"self":[{"href":"https:\/\/compras.tierradelfuego.gob.ar\/index.php?rest_route=\/wp\/v2\/posts\/233839","targetHints":{"allow":["GET"]}}],"collection":[{"href":"https:\/\/compras.tierradelfuego.gob.ar\/index.php?rest_route=\/wp\/v2\/posts"}],"about":[{"href":"https:\/\/compras.tierradelfuego.gob.ar\/index.php?rest_route=\/wp\/v2\/types\/post"}],"author":[{"embeddable":true,"href":"https:\/\/compras.tierradelfuego.gob.ar\/index.php?rest_route=\/wp\/v2\/users\/17"}],"replies":[{"embeddable":true,"href":"https:\/\/compras.tierradelfuego.gob.ar\/index.php?rest_route=%2Fwp%2Fv2%2Fcomments&post=233839"}],"version-history":[{"count":1,"href":"https:\/\/compras.tierradelfuego.gob.ar\/index.php?rest_route=\/wp\/v2\/posts\/233839\/revisions"}],"predecessor-version":[{"id":233841,"href":"https:\/\/compras.tierradelfuego.gob.ar\/index.php?rest_route=\/wp\/v2\/posts\/233839\/revisions\/233841"}],"wp:attachment":[{"href":"https:\/\/compras.tierradelfuego.gob.ar\/index.php?rest_route=%2Fwp%2Fv2%2Fmedia&parent=233839"}],"wp:term":[{"taxonomy":"category","embeddable":true,"href":"https:\/\/compras.tierradelfuego.gob.ar\/index.php?rest_route=%2Fwp%2Fv2%2Fcategories&post=233839"},{"taxonomy":"post_tag","embeddable":true,"href":"https:\/\/compras.tierradelfuego.gob.ar\/index.php?rest_route=%2Fwp%2Fv2%2Ftags&post=233839"}],"curies":[{"name":"wp","href":"https:\/\/api.w.org\/{rel}","templated":true}]}}