{"id":231458,"date":"2025-03-06T10:45:30","date_gmt":"2025-03-06T13:45:30","guid":{"rendered":"https:\/\/compras.tierradelfuego.gob.ar\/?p=231458"},"modified":"2025-03-06T15:09:06","modified_gmt":"2025-03-06T18:09:06","slug":"licitacion-privada-no-06-2025-expediente-n-e-38-2025-resolucion-de-convocatoria-no-res-243-2025-objeto-ampliacion-oficinas-rrhh-en-edificio-direccion-provincial-de-puertos","status":"publish","type":"post","link":"https:\/\/compras.tierradelfuego.gob.ar\/?p=231458","title":{"rendered":"LICITACI\u00d3N PRIVADA N\u00ba 06\/2025  EXPEDIENTE N\u00b0 E-38-2025 &#8211; RESOLUCI\u00d3N DE CONVOCATORIA N\u00ba RES-243-2025-OBJETO: AMPLIACI\u00d3N OFICINAS RRHH EN EDIFICIO DIRECCI\u00d3N PROVINCIAL DE PUERTOS"},"content":{"rendered":"<p>LICITACI\u00d3N PRIVADA N\u00ba 06\/2025 &#8211;\u00a0<span style=\"font-style: inherit; font-weight: inherit;\">EXPEDIENTE N\u00b0 E-38-2025<\/span><\/p>\n<p><span style=\"font-style: inherit; font-weight: inherit;\">DIFUSI\u00d3N:\u00a0<\/span>RESOLUCI\u00d3N DE CONVOCATORIA N\u00ba RES-243-2025<br \/>\n<span style=\"font-style: inherit; font-weight: inherit;\">\u00a0<\/span><span style=\"font-style: inherit; font-weight: inherit;\">OBJETO:<\/span> AMPLIACI\u00d3N OFICINAS RRHH EN EDIFICIO DE DPP<span style=\"font-style: inherit; font-weight: inherit;\">\u00a0<\/span><\/p>\n<p><span style=\"font-style: inherit; font-weight: inherit;\">\u00c1REA SOLICITANTE:<\/span>\u00a0DIRECCI\u00d3N PROVINCIAL DE PUERTOS<\/p>\n<p><a href=\"https:\/\/compras.tierradelfuego.gob.ar\/wp-content\/uploads\/2025\/03\/lic.-priv.-no-6-2025_compressed.pdf\">lic.-priv.-no-6-2025_compressed<\/a><\/p>\n<p>&nbsp;<\/p>\n<p>&nbsp;<\/p>\n","protected":false},"excerpt":{"rendered":"<p>LICITACI\u00d3N PRIVADA N\u00ba 06\/2025 &#8211;\u00a0EXPEDIENTE N\u00b0 E-38-2025 DIFUSI\u00d3N:\u00a0RESOLUCI\u00d3N DE CONVOCATORIA N\u00ba RES-243-2025 \u00a0OBJETO: AMPLIACI\u00d3N OFICINAS RRHH EN EDIFICIO DE DPP\u00a0 \u00c1REA SOLICITANTE:\u00a0DIRECCI\u00d3N PROVINCIAL DE PUERTOS lic.-priv.-no-6-2025_compressed &nbsp; &nbsp;<\/p>\n","protected":false},"author":22,"featured_media":0,"comment_status":"closed","ping_status":"closed","sticky":false,"template":"","format":"standard","meta":{"footnotes":""},"categories":[3,9,11],"tags":[],"class_list":["post-231458","post","type-post","status-publish","format-standard","hentry","category-compras","category-direccion-provincial-de-puertos","category-directa"],"_links":{"self":[{"href":"https:\/\/compras.tierradelfuego.gob.ar\/index.php?rest_route=\/wp\/v2\/posts\/231458","targetHints":{"allow":["GET"]}}],"collection":[{"href":"https:\/\/compras.tierradelfuego.gob.ar\/index.php?rest_route=\/wp\/v2\/posts"}],"about":[{"href":"https:\/\/compras.tierradelfuego.gob.ar\/index.php?rest_route=\/wp\/v2\/types\/post"}],"author":[{"embeddable":true,"href":"https:\/\/compras.tierradelfuego.gob.ar\/index.php?rest_route=\/wp\/v2\/users\/22"}],"replies":[{"embeddable":true,"href":"https:\/\/compras.tierradelfuego.gob.ar\/index.php?rest_route=%2Fwp%2Fv2%2Fcomments&post=231458"}],"version-history":[{"count":1,"href":"https:\/\/compras.tierradelfuego.gob.ar\/index.php?rest_route=\/wp\/v2\/posts\/231458\/revisions"}],"predecessor-version":[{"id":231462,"href":"https:\/\/compras.tierradelfuego.gob.ar\/index.php?rest_route=\/wp\/v2\/posts\/231458\/revisions\/231462"}],"wp:attachment":[{"href":"https:\/\/compras.tierradelfuego.gob.ar\/index.php?rest_route=%2Fwp%2Fv2%2Fmedia&parent=231458"}],"wp:term":[{"taxonomy":"category","embeddable":true,"href":"https:\/\/compras.tierradelfuego.gob.ar\/index.php?rest_route=%2Fwp%2Fv2%2Fcategories&post=231458"},{"taxonomy":"post_tag","embeddable":true,"href":"https:\/\/compras.tierradelfuego.gob.ar\/index.php?rest_route=%2Fwp%2Fv2%2Ftags&post=231458"}],"curies":[{"name":"wp","href":"https:\/\/api.w.org\/{rel}","templated":true}]}}