{"id":229547,"date":"2025-02-13T15:24:15","date_gmt":"2025-02-13T18:24:15","guid":{"rendered":"https:\/\/compras.tierradelfuego.gob.ar\/?p=229547"},"modified":"2025-02-13T15:24:26","modified_gmt":"2025-02-13T18:24:26","slug":"preadjudicacion-adjunta-a-favor-de-la-firma-vilte-sandoval-kevin-rene-c-u-i-t-n-20-40740226-0-por-s-contrato-de-locacion-del-tecnico-vilte-sandoval-kevin-rene-para-el-m-ed","status":"publish","type":"post","link":"https:\/\/compras.tierradelfuego.gob.ar\/?p=229547","title":{"rendered":"PREADJUDICACI\u00d3N ADJUNTA, A FAVOR DE LA FIRMA VILTE SANDOVAL KEVIN RENE  C.U.I.T. N\u00b0  20-40740226-0,  POR S\/ CONTRATO DE LOCACI\u00d3N DEL T\u00c9CNICO VILTE SANDOVAL KEVIN RENE PARA EL M.ED."},"content":{"rendered":"<p>PREADJUDICACI\u00d3N ADJUNTA, A FAVOR DE LA FIRMA VILTE SANDOVAL KEVIN RENE\u00a0 C.U.I.T. N\u00b0\u00a0\u00a020-40740226-0,\u00a0\u00a0POR\u00a0S\/ CONTRATO DE LOCACI\u00d3N DEL T\u00c9CNICO VILTE SANDOVAL KEVIN RENE PARA EL M.ED.<\/p>\n<p>&nbsp;<\/p>\n<p>&nbsp;<\/p>\n<p>&nbsp;<\/p>\n<p><a href=\"https:\/\/compras.tierradelfuego.gob.ar\/wp-content\/uploads\/2025\/02\/planilla-preadjudicacion-vilte.pdf\">planilla-preadjudicacion-vilte<\/a><\/p>\n","protected":false},"excerpt":{"rendered":"<p>PREADJUDICACI\u00d3N ADJUNTA, A FAVOR DE LA FIRMA VILTE SANDOVAL KEVIN RENE\u00a0 C.U.I.T. N\u00b0\u00a0\u00a020-40740226-0,\u00a0\u00a0POR\u00a0S\/ CONTRATO DE LOCACI\u00d3N DEL T\u00c9CNICO VILTE SANDOVAL KEVIN RENE PARA EL M.ED. &nbsp; &nbsp; &nbsp; planilla-preadjudicacion-vilte<\/p>\n","protected":false},"author":17,"featured_media":0,"comment_status":"closed","ping_status":"closed","sticky":false,"template":"","format":"standard","meta":{"footnotes":""},"categories":[3,11,22,184],"tags":[],"class_list":["post-229547","post","type-post","status-publish","format-standard","hentry","category-compras","category-directa","category-ministerio-de-educacion","category-preadjudicadas"],"_links":{"self":[{"href":"https:\/\/compras.tierradelfuego.gob.ar\/index.php?rest_route=\/wp\/v2\/posts\/229547","targetHints":{"allow":["GET"]}}],"collection":[{"href":"https:\/\/compras.tierradelfuego.gob.ar\/index.php?rest_route=\/wp\/v2\/posts"}],"about":[{"href":"https:\/\/compras.tierradelfuego.gob.ar\/index.php?rest_route=\/wp\/v2\/types\/post"}],"author":[{"embeddable":true,"href":"https:\/\/compras.tierradelfuego.gob.ar\/index.php?rest_route=\/wp\/v2\/users\/17"}],"replies":[{"embeddable":true,"href":"https:\/\/compras.tierradelfuego.gob.ar\/index.php?rest_route=%2Fwp%2Fv2%2Fcomments&post=229547"}],"version-history":[{"count":1,"href":"https:\/\/compras.tierradelfuego.gob.ar\/index.php?rest_route=\/wp\/v2\/posts\/229547\/revisions"}],"predecessor-version":[{"id":229549,"href":"https:\/\/compras.tierradelfuego.gob.ar\/index.php?rest_route=\/wp\/v2\/posts\/229547\/revisions\/229549"}],"wp:attachment":[{"href":"https:\/\/compras.tierradelfuego.gob.ar\/index.php?rest_route=%2Fwp%2Fv2%2Fmedia&parent=229547"}],"wp:term":[{"taxonomy":"category","embeddable":true,"href":"https:\/\/compras.tierradelfuego.gob.ar\/index.php?rest_route=%2Fwp%2Fv2%2Fcategories&post=229547"},{"taxonomy":"post_tag","embeddable":true,"href":"https:\/\/compras.tierradelfuego.gob.ar\/index.php?rest_route=%2Fwp%2Fv2%2Ftags&post=229547"}],"curies":[{"name":"wp","href":"https:\/\/api.w.org\/{rel}","templated":true}]}}