{"id":227645,"date":"2025-01-21T14:14:51","date_gmt":"2025-01-21T17:14:51","guid":{"rendered":"https:\/\/compras.tierradelfuego.gob.ar\/?p=227645"},"modified":"2025-01-21T14:14:51","modified_gmt":"2025-01-21T17:14:51","slug":"dictamen-de-preadjudicacion-licitacion-publica-n-4-2024-tribunal-de-cuentas-de-la-provincia-objeto-contratacion-del-servicio-integral-de-alquiler-de-impresoras-para-el-tribunal-de-cuentas-d","status":"publish","type":"post","link":"https:\/\/compras.tierradelfuego.gob.ar\/?p=227645","title":{"rendered":"DICTAMEN DE PREADJUDICACI\u00d3N:  LICITACI\u00d3N P\u00daBLICA N\u00b0 4\/2024 TRIBUNAL DE CUENTAS DE LA PROVINCIA.  OBJETO: CONTRATACI\u00d3N DEL SERVICIO INTEGRAL DE ALQUILER DE IMPRESORAS PARA EL TRIBUNAL DE CUENTAS DE LA PROVINCIA."},"content":{"rendered":"<p>DICTAMEN DE PREADJUDICACI\u00d3N:<\/p>\n<p>LICITACI\u00d3N P\u00daBLICA N\u00b0 4\/2024 TRIBUNAL DE CUENTAS DE LA PROVINCIA.<\/p>\n<p>OBJETO: CONTRATACI\u00d3N DEL SERVICIO INTEGRAL DE ALQUILER DE IMPRESORAS PARA EL TRIBUNAL DE CUENTAS DE LA PROVINCIA.<\/p>\n<p><a href=\"https:\/\/compras.tierradelfuego.gob.ar\/wp-content\/uploads\/2025\/01\/dictamen-lic-4-1.pdf\"><strong>dictamen-lic-4<\/strong><\/a><\/p>\n","protected":false},"excerpt":{"rendered":"<p>DICTAMEN DE PREADJUDICACI\u00d3N: LICITACI\u00d3N P\u00daBLICA N\u00b0 4\/2024 TRIBUNAL DE CUENTAS DE LA PROVINCIA. OBJETO: CONTRATACI\u00d3N DEL SERVICIO INTEGRAL DE ALQUILER DE IMPRESORAS PARA EL TRIBUNAL DE CUENTAS DE LA PROVINCIA. dictamen-lic-4<\/p>\n","protected":false},"author":20,"featured_media":0,"comment_status":"closed","ping_status":"closed","sticky":false,"template":"","format":"standard","meta":{"footnotes":""},"categories":[192,3,19,103],"tags":[],"class_list":["post-227645","post","type-post","status-publish","format-standard","hentry","category-adjudicadas-lpu","category-compras","category-licitacion-publica","category-tribunal-de-cuentas"],"_links":{"self":[{"href":"https:\/\/compras.tierradelfuego.gob.ar\/index.php?rest_route=\/wp\/v2\/posts\/227645","targetHints":{"allow":["GET"]}}],"collection":[{"href":"https:\/\/compras.tierradelfuego.gob.ar\/index.php?rest_route=\/wp\/v2\/posts"}],"about":[{"href":"https:\/\/compras.tierradelfuego.gob.ar\/index.php?rest_route=\/wp\/v2\/types\/post"}],"author":[{"embeddable":true,"href":"https:\/\/compras.tierradelfuego.gob.ar\/index.php?rest_route=\/wp\/v2\/users\/20"}],"replies":[{"embeddable":true,"href":"https:\/\/compras.tierradelfuego.gob.ar\/index.php?rest_route=%2Fwp%2Fv2%2Fcomments&post=227645"}],"version-history":[{"count":1,"href":"https:\/\/compras.tierradelfuego.gob.ar\/index.php?rest_route=\/wp\/v2\/posts\/227645\/revisions"}],"predecessor-version":[{"id":227647,"href":"https:\/\/compras.tierradelfuego.gob.ar\/index.php?rest_route=\/wp\/v2\/posts\/227645\/revisions\/227647"}],"wp:attachment":[{"href":"https:\/\/compras.tierradelfuego.gob.ar\/index.php?rest_route=%2Fwp%2Fv2%2Fmedia&parent=227645"}],"wp:term":[{"taxonomy":"category","embeddable":true,"href":"https:\/\/compras.tierradelfuego.gob.ar\/index.php?rest_route=%2Fwp%2Fv2%2Fcategories&post=227645"},{"taxonomy":"post_tag","embeddable":true,"href":"https:\/\/compras.tierradelfuego.gob.ar\/index.php?rest_route=%2Fwp%2Fv2%2Ftags&post=227645"}],"curies":[{"name":"wp","href":"https:\/\/api.w.org\/{rel}","templated":true}]}}