{"id":226217,"date":"2024-12-30T10:03:37","date_gmt":"2024-12-30T13:03:37","guid":{"rendered":"https:\/\/compras.tierradelfuego.gob.ar\/?p=226217"},"modified":"2024-12-30T10:05:07","modified_gmt":"2024-12-30T13:05:07","slug":"adjudicacion-licitacion-privada-n-5-2024-raf-560","status":"publish","type":"post","link":"https:\/\/compras.tierradelfuego.gob.ar\/?p=226217","title":{"rendered":"ADJUDICACI\u00d3N LICITACI\u00d3N PRIVADA N\u00b0 5\/2024 \u2013 RAF 560."},"content":{"rendered":"<p>ADJUDICACI\u00d3N LICITACI\u00d3N PRIVADA N\u00b0 5\/2024 \u2013 RAF 560.<\/p>\n<p>&nbsp;<\/p>\n<p>EXPEDIENTE N\u00b0 MPA-E-80157-2024<\/p>\n<p>&nbsp;<\/p>\n<p>OBJETO: \u201cS\/ADQUISICI\u00d3N DE CUBIERTAS DE VERANO CON SERVICIO DE BALANCEO PARA VEHICULOS DEL MPYA\u201d<\/p>\n<p>&nbsp;<\/p>\n<p>\u00c1REA SOLICITANTE: SECRETAR\u00cdA DE COORDINACI\u00d3N GENERAL E INSTITUCIONAL &#8211; MPA SE ADJUNTAN LOS ARCHIVOS CORRESPONDIENTES. &#8211;<\/p>\n<p>&nbsp;<\/p>\n<p><a href=\"https:\/\/compras.tierradelfuego.gob.ar\/wp-content\/uploads\/2024\/12\/resolucion-mpya-1094-2024-e-80157-2024-rectifica-adjudicacion.pdf\">resolucion-mpya-1094-2024-e-80157-2024-rectifica-adjudicacion<\/a><\/p>\n<p><a href=\"https:\/\/compras.tierradelfuego.gob.ar\/wp-content\/uploads\/2024\/12\/orden-de-compra-n-172-2024-mariano-acosta-neumaticos-s.r.l.pdf\">orden-de-compra-n-172-2024-mariano-acosta-neumaticos-s.r.l<\/a><\/p>\n<p><a href=\"https:\/\/compras.tierradelfuego.gob.ar\/wp-content\/uploads\/2024\/12\/orden-de-compra-n-171-2024-don-aldo-neumaticos-s.a.pdf\">orden-de-compra-n-171-2024-don-aldo-neumaticos-s.a<\/a><\/p>\n<p>&nbsp;<\/p>\n","protected":false},"excerpt":{"rendered":"<p>ADJUDICACI\u00d3N LICITACI\u00d3N PRIVADA N\u00b0 5\/2024 \u2013 RAF 560. &nbsp; EXPEDIENTE N\u00b0 MPA-E-80157-2024 &nbsp; OBJETO: \u201cS\/ADQUISICI\u00d3N DE CUBIERTAS DE VERANO CON SERVICIO DE BALANCEO PARA VEHICULOS DEL MPYA\u201d &nbsp; \u00c1REA SOLICITANTE: SECRETAR\u00cdA DE COORDINACI\u00d3N GENERAL E INSTITUCIONAL &#8211; MPA SE ADJUNTAN LOS ARCHIVOS CORRESPONDIENTES. &#8211; &nbsp; resolucion-mpya-1094-2024-e-80157-2024-rectifica-adjudicacion orden-de-compra-n-172-2024-mariano-acosta-neumaticos-s.r.l orden-de-compra-n-171-2024-don-aldo-neumaticos-s.a &nbsp;<\/p>\n","protected":false},"author":17,"featured_media":0,"comment_status":"closed","ping_status":"closed","sticky":false,"template":"","format":"standard","meta":{"footnotes":""},"categories":[186,3,11,18],"tags":[],"class_list":["post-226217","post","type-post","status-publish","format-standard","hentry","category-adjudicadas","category-compras","category-directa","category-licitacion-privada"],"_links":{"self":[{"href":"https:\/\/compras.tierradelfuego.gob.ar\/index.php?rest_route=\/wp\/v2\/posts\/226217","targetHints":{"allow":["GET"]}}],"collection":[{"href":"https:\/\/compras.tierradelfuego.gob.ar\/index.php?rest_route=\/wp\/v2\/posts"}],"about":[{"href":"https:\/\/compras.tierradelfuego.gob.ar\/index.php?rest_route=\/wp\/v2\/types\/post"}],"author":[{"embeddable":true,"href":"https:\/\/compras.tierradelfuego.gob.ar\/index.php?rest_route=\/wp\/v2\/users\/17"}],"replies":[{"embeddable":true,"href":"https:\/\/compras.tierradelfuego.gob.ar\/index.php?rest_route=%2Fwp%2Fv2%2Fcomments&post=226217"}],"version-history":[{"count":1,"href":"https:\/\/compras.tierradelfuego.gob.ar\/index.php?rest_route=\/wp\/v2\/posts\/226217\/revisions"}],"predecessor-version":[{"id":226221,"href":"https:\/\/compras.tierradelfuego.gob.ar\/index.php?rest_route=\/wp\/v2\/posts\/226217\/revisions\/226221"}],"wp:attachment":[{"href":"https:\/\/compras.tierradelfuego.gob.ar\/index.php?rest_route=%2Fwp%2Fv2%2Fmedia&parent=226217"}],"wp:term":[{"taxonomy":"category","embeddable":true,"href":"https:\/\/compras.tierradelfuego.gob.ar\/index.php?rest_route=%2Fwp%2Fv2%2Fcategories&post=226217"},{"taxonomy":"post_tag","embeddable":true,"href":"https:\/\/compras.tierradelfuego.gob.ar\/index.php?rest_route=%2Fwp%2Fv2%2Ftags&post=226217"}],"curies":[{"name":"wp","href":"https:\/\/api.w.org\/{rel}","templated":true}]}}