{"id":222576,"date":"2024-11-29T16:07:03","date_gmt":"2024-11-29T19:07:03","guid":{"rendered":"https:\/\/compras.tierradelfuego.gob.ar\/?p=222576"},"modified":"2024-12-02T10:45:11","modified_gmt":"2024-12-02T13:45:11","slug":"contratacion-directa-compulsa-abreviada-n-05-2024-raf-599-expediente-mjg-e-95796-2024-objeto-s-adquisicion-de-material-grafico-destinado-a-la-subsecretaria-de-proteccion","status":"publish","type":"post","link":"https:\/\/compras.tierradelfuego.gob.ar\/?p=222576","title":{"rendered":"CONTRATACI\u00d3N DIRECTA (COMPULSA ABREVIADA) N\u00b0 05\/2024 \u2013 RAF 599  EXPEDIENTE: MJG-E-95796-2024  OBJETO: \u201cS\/ADQUISICI\u00d3N DE MATERIAL GRAFICO DESTINADO A LA SUBSECRETAR\u00cdA DE PROTECCI\u00d3N CIVIL DE LA SECRETAR\u00cdA DE PROTECCI\u00d3N CIVIL DEL MINISTERIO JEFATURA DE GABINETE\u201d.-"},"content":{"rendered":"<div><\/div>\n<div>\n<p>CONTRATACI\u00d3N DIRECTA (COMPULSA ABREVIADA) N\u00b0 05\/2024 \u2013 RAF 599<\/p>\n<p>EXPEDIENTE: MJG-E-95796-2024<\/p>\n<p>OBJETO: \u201cS\/ADQUISICI\u00d3N DE MATERIAL GRAFICO DESTINADO A LA SUBSECRETAR\u00cdA DE PROTECCI\u00d3N CIVIL DE LA SECRETAR\u00cdA DE PROTECCI\u00d3N CIVIL DEL MINISTERIO JEFATURA DE GABINETE\u201d.-<\/p>\n<p>RESOLUCION S.P.C. N\u00b0 241\/2024 \u2013 ADJUDICACION DE COMPRA DIRECTA COMPULSA ABREVIADA N\u00b0 05\/2024 \u2013 RAF 599, A FAVOR DE LA FIRMA \u201cIMPRENTA FORMAS S.R.L. \u2013 C.U.I.T. N\u00b0 30-70780084-0\u201d.-<\/p>\n<p>\u00c1REA SOLICITANTE: SECRETAR\u00cdA DE PROTECCION CIVIL.-<\/p>\n<\/div>\n<p>&nbsp;<\/p>\n<p><a href=\"https:\/\/compras.tierradelfuego.gob.ar\/wp-content\/uploads\/2024\/12\/resolucion-s.p.c.-n-241-2024.pdf\">resolucion-s.p.c.-n-241-2024<\/a><\/p>\n<p>&nbsp;<\/p>\n<p><a href=\"https:\/\/compras.tierradelfuego.gob.ar\/wp-content\/uploads\/2024\/12\/acta-de-preadjudicacion-compra-directa-compulsa-abreviada-n-05-2024-raf-599.pdf\">acta-de-preadjudicacion-compra-directa-compulsa-abreviada-n-05-2024-raf-599<\/a><\/p>\n","protected":false},"excerpt":{"rendered":"<p>CONTRATACI\u00d3N DIRECTA (COMPULSA ABREVIADA) N\u00b0 05\/2024 \u2013 RAF 599 EXPEDIENTE: MJG-E-95796-2024 OBJETO: \u201cS\/ADQUISICI\u00d3N DE MATERIAL GRAFICO DESTINADO A LA SUBSECRETAR\u00cdA DE PROTECCI\u00d3N CIVIL DE LA SECRETAR\u00cdA DE PROTECCI\u00d3N CIVIL DEL MINISTERIO JEFATURA DE GABINETE\u201d.- RESOLUCION S.P.C. N\u00b0 241\/2024 \u2013 ADJUDICACION DE COMPRA DIRECTA COMPULSA ABREVIADA N\u00b0 05\/2024 \u2013 RAF 599, A FAVOR DE LA FIRMA [&hellip;]<\/p>\n","protected":false},"author":17,"featured_media":0,"comment_status":"closed","ping_status":"closed","sticky":false,"template":"","format":"standard","meta":{"footnotes":""},"categories":[3,11,102],"tags":[],"class_list":["post-222576","post","type-post","status-publish","format-standard","hentry","category-compras","category-directa","category-ministerio-de-jefatura-de-gabinete"],"_links":{"self":[{"href":"https:\/\/compras.tierradelfuego.gob.ar\/index.php?rest_route=\/wp\/v2\/posts\/222576","targetHints":{"allow":["GET"]}}],"collection":[{"href":"https:\/\/compras.tierradelfuego.gob.ar\/index.php?rest_route=\/wp\/v2\/posts"}],"about":[{"href":"https:\/\/compras.tierradelfuego.gob.ar\/index.php?rest_route=\/wp\/v2\/types\/post"}],"author":[{"embeddable":true,"href":"https:\/\/compras.tierradelfuego.gob.ar\/index.php?rest_route=\/wp\/v2\/users\/17"}],"replies":[{"embeddable":true,"href":"https:\/\/compras.tierradelfuego.gob.ar\/index.php?rest_route=%2Fwp%2Fv2%2Fcomments&post=222576"}],"version-history":[{"count":2,"href":"https:\/\/compras.tierradelfuego.gob.ar\/index.php?rest_route=\/wp\/v2\/posts\/222576\/revisions"}],"predecessor-version":[{"id":222580,"href":"https:\/\/compras.tierradelfuego.gob.ar\/index.php?rest_route=\/wp\/v2\/posts\/222576\/revisions\/222580"}],"wp:attachment":[{"href":"https:\/\/compras.tierradelfuego.gob.ar\/index.php?rest_route=%2Fwp%2Fv2%2Fmedia&parent=222576"}],"wp:term":[{"taxonomy":"category","embeddable":true,"href":"https:\/\/compras.tierradelfuego.gob.ar\/index.php?rest_route=%2Fwp%2Fv2%2Fcategories&post=222576"},{"taxonomy":"post_tag","embeddable":true,"href":"https:\/\/compras.tierradelfuego.gob.ar\/index.php?rest_route=%2Fwp%2Fv2%2Ftags&post=222576"}],"curies":[{"name":"wp","href":"https:\/\/api.w.org\/{rel}","templated":true}]}}