{"id":219397,"date":"2024-11-06T13:57:39","date_gmt":"2024-11-06T16:57:39","guid":{"rendered":"https:\/\/compras.tierradelfuego.gob.ar\/?p=219397"},"modified":"2024-11-06T14:28:37","modified_gmt":"2024-11-06T17:28:37","slug":"resolucion-elec-no-res-857-2024-autorizando-circular-no-1-modificatoria-licitacion-privada-no-14-2024-expediente-n-241-2024-objeto-provision-de-ag","status":"publish","type":"post","link":"https:\/\/compras.tierradelfuego.gob.ar\/?p=219397","title":{"rendered":"RESOLUCI\u00d3N ELEC. N\u00ba:\u00a0RES-857-2024\u00a0\u00a0 AUTORIZANDO CIRCULAR N\u00ba 1 MODIFICATORIA.  LICITACI\u00d3N PRIVADA N\u00ba\u00a014\/2024\u00a0&#8211; EXPEDIENTE N\u00b0\u00a0241\/2024.  OBJETO:\u00a0\u00abPROVISI\u00d3N DE AGUA EN BIDONES Y DISPENSER FRIO \/CALOR PARA LA D.P.P.- A\u00d1O- 2025.\u201d"},"content":{"rendered":"<p>RESOLUCI\u00d3N ELEC. N\u00ba:\u00a0RES-857-2024\u00a0\u00a0 AUTORIZANDO CIRCULAR N\u00ba 1 MODIFICATORIA.<\/p>\n<p><strong>LICITACI\u00d3N PRIVADA N\u00ba\u00a0<\/strong><strong>14\/2024\u00a0&#8211; EXPEDIENTE N\u00b0\u00a0241\/2024.<\/strong><\/p>\n<p><strong>OBJETO:<\/strong>\u00a0\u00abPROVISI\u00d3N DE AGUA EN BIDONES Y DISPENSER FRIO \/CALOR PARA LA D.P.P.- A\u00d1O- 2025.\u201d<\/p>\n<p><strong>NUEVA FECHA Y HORA APERTURA:<\/strong>\u00a019\/11\/2024 A LAS 12:30 HS.<\/p>\n<p><strong>\u00c1REA SOLICITANTE:<\/strong>\u00a0DIRECCI\u00d3N DE ADMINISTRACI\u00d3N- D.P.P.<\/p>\n<p><strong>TEL\u00c9FONO<\/strong>: 02901-424247\/435200- INT: 143\/119<\/p>\n<p><strong><a href=\"https:\/\/compras.tierradelfuego.gob.ar\/wp-content\/uploads\/2024\/11\/res.-no-res-857-2024-modificatoria-1.pdf\">res.-no-res-857-2024-modificatoria<\/a><\/strong><\/p>\n","protected":false},"excerpt":{"rendered":"<p>RESOLUCI\u00d3N ELEC. N\u00ba:\u00a0RES-857-2024\u00a0\u00a0 AUTORIZANDO CIRCULAR N\u00ba 1 MODIFICATORIA. LICITACI\u00d3N PRIVADA N\u00ba\u00a014\/2024\u00a0&#8211; EXPEDIENTE N\u00b0\u00a0241\/2024. OBJETO:\u00a0\u00abPROVISI\u00d3N DE AGUA EN BIDONES Y DISPENSER FRIO \/CALOR PARA LA D.P.P.- A\u00d1O- 2025.\u201d NUEVA FECHA Y HORA APERTURA:\u00a019\/11\/2024 A LAS 12:30 HS. \u00c1REA SOLICITANTE:\u00a0DIRECCI\u00d3N DE ADMINISTRACI\u00d3N- D.P.P. TEL\u00c9FONO: 02901-424247\/435200- INT: 143\/119 res.-no-res-857-2024-modificatoria<\/p>\n","protected":false},"author":20,"featured_media":0,"comment_status":"closed","ping_status":"closed","sticky":false,"template":"","format":"standard","meta":{"footnotes":""},"categories":[3,187,9,18],"tags":[],"class_list":["post-219397","post","type-post","status-publish","format-standard","hentry","category-compras","category-con-apertura-proxima-lpr","category-direccion-provincial-de-puertos","category-licitacion-privada"],"_links":{"self":[{"href":"https:\/\/compras.tierradelfuego.gob.ar\/index.php?rest_route=\/wp\/v2\/posts\/219397","targetHints":{"allow":["GET"]}}],"collection":[{"href":"https:\/\/compras.tierradelfuego.gob.ar\/index.php?rest_route=\/wp\/v2\/posts"}],"about":[{"href":"https:\/\/compras.tierradelfuego.gob.ar\/index.php?rest_route=\/wp\/v2\/types\/post"}],"author":[{"embeddable":true,"href":"https:\/\/compras.tierradelfuego.gob.ar\/index.php?rest_route=\/wp\/v2\/users\/20"}],"replies":[{"embeddable":true,"href":"https:\/\/compras.tierradelfuego.gob.ar\/index.php?rest_route=%2Fwp%2Fv2%2Fcomments&post=219397"}],"version-history":[{"count":1,"href":"https:\/\/compras.tierradelfuego.gob.ar\/index.php?rest_route=\/wp\/v2\/posts\/219397\/revisions"}],"predecessor-version":[{"id":219401,"href":"https:\/\/compras.tierradelfuego.gob.ar\/index.php?rest_route=\/wp\/v2\/posts\/219397\/revisions\/219401"}],"wp:attachment":[{"href":"https:\/\/compras.tierradelfuego.gob.ar\/index.php?rest_route=%2Fwp%2Fv2%2Fmedia&parent=219397"}],"wp:term":[{"taxonomy":"category","embeddable":true,"href":"https:\/\/compras.tierradelfuego.gob.ar\/index.php?rest_route=%2Fwp%2Fv2%2Fcategories&post=219397"},{"taxonomy":"post_tag","embeddable":true,"href":"https:\/\/compras.tierradelfuego.gob.ar\/index.php?rest_route=%2Fwp%2Fv2%2Ftags&post=219397"}],"curies":[{"name":"wp","href":"https:\/\/api.w.org\/{rel}","templated":true}]}}