{"id":218561,"date":"2024-10-31T15:18:18","date_gmt":"2024-10-31T18:18:18","guid":{"rendered":"https:\/\/compras.tierradelfuego.gob.ar\/?p=218561"},"modified":"2024-10-31T15:18:43","modified_gmt":"2024-10-31T18:18:43","slug":"acta-de-preadjudicacion-y-la-resolucion-s-a-y-g-m-n-48-2024-contratacion-directa-compulsa-abreviada-n-298-2024-raf-101-expediente-mjg-e-65512-2024-objeto-s-adqu","status":"publish","type":"post","link":"https:\/\/compras.tierradelfuego.gob.ar\/?p=218561","title":{"rendered":"ACTA DE PREADJUDICACI\u00d3N Y LA RESOLUCI\u00d3N S.A. Y G.M. N\u00b0 48\/2024. CONTRATACI\u00d3N DIRECTA (COMPULSA ABREVIADA) N\u00b0 298\/2024 \u2013 RAF 101  EXPEDIENTE: MJG-E-65512-2024  OBJETO: \u201cS\/ADQUISICI\u00d3N DE REPUESTOS DE AUTOMOTORES Y CONTRATACI\u00d3N DE MANO DE OBRA MEC\u00c1NICA P\/REPARACI\u00d3N INTEGRAL DE M\u00d3VILES OFICIALES PERTENECIENTES A LA FLOTA VEHICULAR DE LA DIRECCI\u00d3N GENERAL PATRONATO DE LIBERADOS DEPENDIENTE DEL VICEMINISTRO DE COORDINACI\u00d3N DE GABINETE\u201d.-"},"content":{"rendered":"<p>ACTA DE PREADJUDICACI\u00d3N Y LA RESOLUCI\u00d3N S.A. Y G.M. N\u00b0 48\/2024, POR LA CUAL SE APRUEBA EL PROCEDIMIENTO Y SE ADJUDICA LA COMPRA DIRECTA POR COMPULSA ABREVIADA N\u00b0 298\/2024 \u2013 RAF 101, A FAVOR DE LA FIRMA \u201cSINAXIS S.R.L. \u2013 C.U.I.T. N\u00b0 30-70985175-2\u201d, Y LA FIRMA \u201cCARLOS GABRIEL LESCANO \u2013 C.U.I.T. N\u00b0 20-20003182-3\u201d; COMO AS\u00cd TAMBI\u00c9N EL TEXTO QUE SE DETALLA A CONTINUACI\u00d3N:<\/p>\n<p>CONTRATACI\u00d3N DIRECTA (COMPULSA ABREVIADA) N\u00b0 298\/2024 \u2013 RAF 101<\/p>\n<p>EXPEDIENTE: MJG-E-65512-2024<\/p>\n<p>OBJETO: \u201cS\/ADQUISICI\u00d3N DE REPUESTOS DE AUTOMOTORES Y CONTRATACI\u00d3N DE MANO DE OBRA MEC\u00c1NICA P\/REPARACI\u00d3N INTEGRAL DE M\u00d3VILES OFICIALES PERTENECIENTES A LA FLOTA VEHICULAR DE LA DIRECCI\u00d3N GENERAL PATRONATO DE LIBERADOS DEPENDIENTE DEL VICEMINISTRO DE COORDINACI\u00d3N DE GABINETE\u201d.-<\/p>\n<p>RESOLUCION S.A. Y G.M. N\u00b0 48\/2024 \u2013 ADJUDICACION DE COMPRA DIRECTA COMPULSA ABREVIADA N\u00b0 298\/2024 \u2013 RAF 101, A FAVOR DE LA FIRMA \u201cSINAXIS S.R.L. \u2013 C.U.I.T. N\u00b0 30-70985175-2\u201d, Y LA FIRMA \u201cCARLOS GABRIEL LESCANO \u2013 C.U.I.T. N\u00b0 20-20003182-3\u201d.-<\/p>\n<p>\u00c1REA SOLICITANTE: SECRETAR\u00cdA DE ASISTENCIA Y GESTI\u00d3N MINISTERIAL.-<\/p>\n<p><a href=\"https:\/\/compras.tierradelfuego.gob.ar\/wp-content\/uploads\/2024\/10\/solicitud-de-difusion-adjudicacion-compra-directa-por-compulsa-abreviada-n-298_2024-raf-101.-1.zip\"><strong>adjudicacion-compra-directa-por-compulsa-abreviada-n-298_2024-raf-101.<\/strong><\/a><\/p>\n<p>&nbsp;<\/p>\n<p>&nbsp;<\/p>\n<p>&nbsp;<\/p>\n<p>&nbsp;<\/p>\n<p>&nbsp;<\/p>\n<p>&nbsp;<\/p>\n","protected":false},"excerpt":{"rendered":"<p>ACTA DE PREADJUDICACI\u00d3N Y LA RESOLUCI\u00d3N S.A. Y G.M. N\u00b0 48\/2024, POR LA CUAL SE APRUEBA EL PROCEDIMIENTO Y SE ADJUDICA LA COMPRA DIRECTA POR COMPULSA ABREVIADA N\u00b0 298\/2024 \u2013 RAF 101, A FAVOR DE LA FIRMA \u201cSINAXIS S.R.L. \u2013 C.U.I.T. N\u00b0 30-70985175-2\u201d, Y LA FIRMA \u201cCARLOS GABRIEL LESCANO \u2013 C.U.I.T. N\u00b0 20-20003182-3\u201d; COMO AS\u00cd [&hellip;]<\/p>\n","protected":false},"author":20,"featured_media":0,"comment_status":"closed","ping_status":"closed","sticky":false,"template":"","format":"standard","meta":{"footnotes":""},"categories":[186,3,11,28],"tags":[],"class_list":["post-218561","post","type-post","status-publish","format-standard","hentry","category-adjudicadas","category-compras","category-directa","category-ministerio-jefatura-de-gabinete"],"_links":{"self":[{"href":"https:\/\/compras.tierradelfuego.gob.ar\/index.php?rest_route=\/wp\/v2\/posts\/218561","targetHints":{"allow":["GET"]}}],"collection":[{"href":"https:\/\/compras.tierradelfuego.gob.ar\/index.php?rest_route=\/wp\/v2\/posts"}],"about":[{"href":"https:\/\/compras.tierradelfuego.gob.ar\/index.php?rest_route=\/wp\/v2\/types\/post"}],"author":[{"embeddable":true,"href":"https:\/\/compras.tierradelfuego.gob.ar\/index.php?rest_route=\/wp\/v2\/users\/20"}],"replies":[{"embeddable":true,"href":"https:\/\/compras.tierradelfuego.gob.ar\/index.php?rest_route=%2Fwp%2Fv2%2Fcomments&post=218561"}],"version-history":[{"count":1,"href":"https:\/\/compras.tierradelfuego.gob.ar\/index.php?rest_route=\/wp\/v2\/posts\/218561\/revisions"}],"predecessor-version":[{"id":218563,"href":"https:\/\/compras.tierradelfuego.gob.ar\/index.php?rest_route=\/wp\/v2\/posts\/218561\/revisions\/218563"}],"wp:attachment":[{"href":"https:\/\/compras.tierradelfuego.gob.ar\/index.php?rest_route=%2Fwp%2Fv2%2Fmedia&parent=218561"}],"wp:term":[{"taxonomy":"category","embeddable":true,"href":"https:\/\/compras.tierradelfuego.gob.ar\/index.php?rest_route=%2Fwp%2Fv2%2Fcategories&post=218561"},{"taxonomy":"post_tag","embeddable":true,"href":"https:\/\/compras.tierradelfuego.gob.ar\/index.php?rest_route=%2Fwp%2Fv2%2Ftags&post=218561"}],"curies":[{"name":"wp","href":"https:\/\/api.w.org\/{rel}","templated":true}]}}