{"id":213167,"date":"2024-09-20T14:47:46","date_gmt":"2024-09-20T17:47:46","guid":{"rendered":"https:\/\/compras.tierradelfuego.gob.ar\/?p=213167"},"modified":"2024-09-20T14:47:46","modified_gmt":"2024-09-20T17:47:46","slug":"licitacion-privada-no-04-2024-raf-29-expediente-no-aif-e-71313-2024-objeto-adquisicion-de-caldera-kit-de-ventilacion-accesorios-y-mano-de-obra-para-la-secretaria-de-ciencia-y-tecnologia","status":"publish","type":"post","link":"https:\/\/compras.tierradelfuego.gob.ar\/?p=213167","title":{"rendered":"LICITACI\u00d3N PRIVADA N\u00ba 04\/2024 &#8211; RAF 29. EXPEDIENTE N\u00ba AIF-E-71313\/2024 OBJETO: \u00abADQUISICI\u00d3N DE CALDERA, KIT DE VENTILACI\u00d3N, ACCESORIOS Y MANO DE OBRA PARA LA SECRETAR\u00cdA DE CIENCIA Y TECNOLOG\u00cdA \u2013 AITF.\u00bb."},"content":{"rendered":"<p>EXPEDIENTE N\u00ba AIF-E-71313\/2024<br \/>\nOBJETO: \u00abADQUISICI\u00d3N DE CALDERA, KIT DE VENTILACI\u00d3N, ACCESORIOS Y MANO DE OBRA PARA LA SECRETAR\u00cdA DE CIENCIA Y TECNOLOG\u00cdA \u2013 AITF.\u00bb.<\/p>\n<p>LICITACI\u00d3N PRIVADA N\u00ba 04\/2024 &#8211; RAF 29<\/p>\n<p><strong>LUGAR DE PRESENTACI\u00d3N DE OFERTAS:<\/strong>\u00a0AL CORREO ELECTR\u00d3NICO:\u00a0\u00a0<a href=\"mailto:dgafaif@gmail.com\">DGAFAIF@GMAIL.COM<\/a>\u00a0&#8211; O GDOR. PAZ N\u00b0 836 &#8211; USHUAIA<\/p>\n<p><strong>RECEPCI\u00d3N DE OFERTAS:\u00a0<\/strong>HASTA EL D\u00cdA LUNES 30\/9\/2024 A LAS 12:00 HS.<\/p>\n<p><strong>APERTURA:<\/strong>\u00a0D\u00cdA LUNES 30\/9\/2024 A LAS 12:00 HS.<\/p>\n<p><strong>CONTACTO:<\/strong>\u00a0AL MAIL:\u00a0\u00a0<a href=\"mailto:dgafaif@gmail.com\">DGAFAIF@GMAIL.COM<\/a><\/p>\n<p><strong><a href=\"https:\/\/compras.tierradelfuego.gob.ar\/wp-content\/uploads\/2024\/09\/resolucion-s.g.p.-y-f.t.-n-0030-2024-ok.pdf\">resolucion-s.g.p.-y-f.t.-n-0030-2024-ok<\/a><\/strong><\/p>\n<p>&nbsp;<\/p>\n","protected":false},"excerpt":{"rendered":"<p>EXPEDIENTE N\u00ba AIF-E-71313\/2024 OBJETO: \u00abADQUISICI\u00d3N DE CALDERA, KIT DE VENTILACI\u00d3N, ACCESORIOS Y MANO DE OBRA PARA LA SECRETAR\u00cdA DE CIENCIA Y TECNOLOG\u00cdA \u2013 AITF.\u00bb. LICITACI\u00d3N PRIVADA N\u00ba 04\/2024 &#8211; RAF 29 LUGAR DE PRESENTACI\u00d3N DE OFERTAS:\u00a0AL CORREO ELECTR\u00d3NICO:\u00a0\u00a0DGAFAIF@GMAIL.COM\u00a0&#8211; O GDOR. PAZ N\u00b0 836 &#8211; USHUAIA RECEPCI\u00d3N DE OFERTAS:\u00a0HASTA EL D\u00cdA LUNES 30\/9\/2024 A LAS 12:00 [&hellip;]<\/p>\n","protected":false},"author":20,"featured_media":0,"comment_status":"closed","ping_status":"closed","sticky":false,"template":"","format":"standard","meta":{"footnotes":""},"categories":[201,3,187,18],"tags":[],"class_list":["post-213167","post","type-post","status-publish","format-standard","hentry","category-agencia-de-innovacion-tdf","category-compras","category-con-apertura-proxima-lpr","category-licitacion-privada"],"_links":{"self":[{"href":"https:\/\/compras.tierradelfuego.gob.ar\/index.php?rest_route=\/wp\/v2\/posts\/213167","targetHints":{"allow":["GET"]}}],"collection":[{"href":"https:\/\/compras.tierradelfuego.gob.ar\/index.php?rest_route=\/wp\/v2\/posts"}],"about":[{"href":"https:\/\/compras.tierradelfuego.gob.ar\/index.php?rest_route=\/wp\/v2\/types\/post"}],"author":[{"embeddable":true,"href":"https:\/\/compras.tierradelfuego.gob.ar\/index.php?rest_route=\/wp\/v2\/users\/20"}],"replies":[{"embeddable":true,"href":"https:\/\/compras.tierradelfuego.gob.ar\/index.php?rest_route=%2Fwp%2Fv2%2Fcomments&post=213167"}],"version-history":[{"count":1,"href":"https:\/\/compras.tierradelfuego.gob.ar\/index.php?rest_route=\/wp\/v2\/posts\/213167\/revisions"}],"predecessor-version":[{"id":213169,"href":"https:\/\/compras.tierradelfuego.gob.ar\/index.php?rest_route=\/wp\/v2\/posts\/213167\/revisions\/213169"}],"wp:attachment":[{"href":"https:\/\/compras.tierradelfuego.gob.ar\/index.php?rest_route=%2Fwp%2Fv2%2Fmedia&parent=213167"}],"wp:term":[{"taxonomy":"category","embeddable":true,"href":"https:\/\/compras.tierradelfuego.gob.ar\/index.php?rest_route=%2Fwp%2Fv2%2Fcategories&post=213167"},{"taxonomy":"post_tag","embeddable":true,"href":"https:\/\/compras.tierradelfuego.gob.ar\/index.php?rest_route=%2Fwp%2Fv2%2Ftags&post=213167"}],"curies":[{"name":"wp","href":"https:\/\/api.w.org\/{rel}","templated":true}]}}