{"id":210666,"date":"2024-08-30T15:35:04","date_gmt":"2024-08-30T18:35:04","guid":{"rendered":"https:\/\/compras.tierradelfuego.gob.ar\/?p=210666"},"modified":"2024-08-30T15:35:58","modified_gmt":"2024-08-30T18:35:58","slug":"adjudicacion-compra-directa-n-27-2024-raf-129-expte-n-67066-2024-objeto-alquiler-de-dos-2-impresoras-multifuncion-por-el-termino-de-doce-12-meses-destinadas-a-la-sec-de-ceremonial","status":"publish","type":"post","link":"https:\/\/compras.tierradelfuego.gob.ar\/?p=210666","title":{"rendered":"ADJUDICACI\u00d3N COMPRA DIRECTA N\u00b0 27\/2024 RAF 129 EXPTE. N\u00b0 67066\/2024 OBJETO:  ALQUILER DE DOS (2) IMPRESORAS MULTIFUNCI\u00d3N POR EL T\u00c9RMINO DE DOCE (12) MESES, DESTINADAS A LA SEC. DE CEREMONIAL, PROTOCOLO Y R.I."},"content":{"rendered":"<p>ADJUDICACI\u00d3N COMPRA DIRECTA N\u00b0 27\/2024 RAF 129<\/p>\n<p>EXPTE. N\u00b0 67066\/2024<\/p>\n<p>OBJETO:\u00a0 ALQUILER DE DOS (2) IMPRESORAS MULTIFUNCI\u00d3N POR EL T\u00c9RMINO DE DOCE (12) MESES, DESTINADAS A LA SEC. DE CEREMONIAL, PROTOCOLO Y R.I.<\/p>\n<p>&nbsp;<\/p>\n<p>&nbsp;<\/p>\n<p><a href=\"https:\/\/compras.tierradelfuego.gob.ar\/wp-content\/uploads\/2024\/08\/res.-scpyri-n-88-24-adjudica.pdf\">res.-scpyri-n-88-24-adjudica<\/a><\/p>\n<p>&nbsp;<\/p>\n","protected":false},"excerpt":{"rendered":"<p>ADJUDICACI\u00d3N COMPRA DIRECTA N\u00b0 27\/2024 RAF 129 EXPTE. N\u00b0 67066\/2024 OBJETO:\u00a0 ALQUILER DE DOS (2) IMPRESORAS MULTIFUNCI\u00d3N POR EL T\u00c9RMINO DE DOCE (12) MESES, DESTINADAS A LA SEC. DE CEREMONIAL, PROTOCOLO Y R.I. &nbsp; &nbsp; res.-scpyri-n-88-24-adjudica &nbsp;<\/p>\n","protected":false},"author":17,"featured_media":0,"comment_status":"closed","ping_status":"closed","sticky":false,"template":"","format":"standard","meta":{"footnotes":""},"categories":[186,3,6,11,102],"tags":[],"class_list":["post-210666","post","type-post","status-publish","format-standard","hentry","category-adjudicadas","category-compras","category-descargar","category-directa","category-ministerio-de-jefatura-de-gabinete"],"_links":{"self":[{"href":"https:\/\/compras.tierradelfuego.gob.ar\/index.php?rest_route=\/wp\/v2\/posts\/210666","targetHints":{"allow":["GET"]}}],"collection":[{"href":"https:\/\/compras.tierradelfuego.gob.ar\/index.php?rest_route=\/wp\/v2\/posts"}],"about":[{"href":"https:\/\/compras.tierradelfuego.gob.ar\/index.php?rest_route=\/wp\/v2\/types\/post"}],"author":[{"embeddable":true,"href":"https:\/\/compras.tierradelfuego.gob.ar\/index.php?rest_route=\/wp\/v2\/users\/17"}],"replies":[{"embeddable":true,"href":"https:\/\/compras.tierradelfuego.gob.ar\/index.php?rest_route=%2Fwp%2Fv2%2Fcomments&post=210666"}],"version-history":[{"count":1,"href":"https:\/\/compras.tierradelfuego.gob.ar\/index.php?rest_route=\/wp\/v2\/posts\/210666\/revisions"}],"predecessor-version":[{"id":210668,"href":"https:\/\/compras.tierradelfuego.gob.ar\/index.php?rest_route=\/wp\/v2\/posts\/210666\/revisions\/210668"}],"wp:attachment":[{"href":"https:\/\/compras.tierradelfuego.gob.ar\/index.php?rest_route=%2Fwp%2Fv2%2Fmedia&parent=210666"}],"wp:term":[{"taxonomy":"category","embeddable":true,"href":"https:\/\/compras.tierradelfuego.gob.ar\/index.php?rest_route=%2Fwp%2Fv2%2Fcategories&post=210666"},{"taxonomy":"post_tag","embeddable":true,"href":"https:\/\/compras.tierradelfuego.gob.ar\/index.php?rest_route=%2Fwp%2Fv2%2Ftags&post=210666"}],"curies":[{"name":"wp","href":"https:\/\/api.w.org\/{rel}","templated":true}]}}