{"id":210658,"date":"2024-08-30T15:27:04","date_gmt":"2024-08-30T18:27:04","guid":{"rendered":"https:\/\/compras.tierradelfuego.gob.ar\/?p=210658"},"modified":"2024-08-30T15:28:04","modified_gmt":"2024-08-30T18:28:04","slug":"contratacion-directa-n-252-24-525-compulsa-abreviada-expediente-ms-e-70012-24-objeto-adquisicion-de-equipos-de-calefaccion-alterna-y-baterias-destinadas-a-las-ambulancias-dependientes-d","status":"publish","type":"post","link":"https:\/\/compras.tierradelfuego.gob.ar\/?p=210658","title":{"rendered":"CONTRATACI\u00d3N DIRECTA N\u00b0 252\/24-525 &#8211; COMPULSA ABREVIADA &#8211; EXPEDIENTE MS-E-70012\/24.  OBJETO: \u00abADQUISICI\u00d3N DE EQUIPOS DE CALEFACCI\u00d3N ALTERNA Y BATER\u00cdAS DESTINADAS A LAS AMBULANCIAS DEPENDIENTES DE LA SUBSECRETARIA DE TRANSPORTE DEL MINISTERIO DE SALUD DE LA PROVINCIA\u00bb"},"content":{"rendered":"<p>CONTRATACI\u00d3N DIRECTA N\u00b0 252\/24-525 &#8211; COMPULSA ABREVIADA &#8211; EXPEDIENTE MS-E-70012\/24.<\/p>\n<p>OBJETO: \u00abADQUISICI\u00d3N DE EQUIPOS DE CALEFACCI\u00d3N ALTERNA Y BATER\u00cdAS DESTINADAS A LAS AMBULANCIAS DEPENDIENTES DE LA SUBSECRETARIA DE TRANSPORTE DEL MINISTERIO DE SALUD DE LA PROVINCIA\u00bb<\/p>\n<p>&#8211; FECHA L\u00cdMITE DE PRESENTACI\u00d3N DE OFERTAS: 04\/09\/24, HORA: 12:00HS.<br \/>\n&#8211; LUGAR DE PRESENTACI\u00d3N: CALLE AV. L. ALEM N\u00b0 629 &#8211; 2\u00b0 PISO &#8211; USHUAIA &#8211; CP 9410 &#8211; (DE 09 A 14 HS)<\/p>\n<p>PARA CONSULTAS Y ADELANTO DE COTIZACIONES DIRIGIRSE A LA DIRECCI\u00d3N DE CORREO ELECTR\u00d3NICO: <u><a href=\"mailto:comprasms@tierradelfuego.gob.ar\">COMPRASMS@TIERRADELFUEGO.GOB.AR<\/a><\/u><\/p>\n<p>&nbsp;<\/p>\n<p>&nbsp;<\/p>\n<p><a href=\"https:\/\/compras.tierradelfuego.gob.ar\/wp-content\/uploads\/2024\/08\/disposicion-dgaf-248-24-llamado-exp-70012-24.pdf\">disposicion-dgaf-248-24-llamado-exp-70012-24<\/a><\/p>\n","protected":false},"excerpt":{"rendered":"<p>CONTRATACI\u00d3N DIRECTA N\u00b0 252\/24-525 &#8211; COMPULSA ABREVIADA &#8211; EXPEDIENTE MS-E-70012\/24. OBJETO: \u00abADQUISICI\u00d3N DE EQUIPOS DE CALEFACCI\u00d3N ALTERNA Y BATER\u00cdAS DESTINADAS A LAS AMBULANCIAS DEPENDIENTES DE LA SUBSECRETARIA DE TRANSPORTE DEL MINISTERIO DE SALUD DE LA PROVINCIA\u00bb &#8211; FECHA L\u00cdMITE DE PRESENTACI\u00d3N DE OFERTAS: 04\/09\/24, HORA: 12:00HS. &#8211; LUGAR DE PRESENTACI\u00d3N: CALLE AV. L. ALEM N\u00b0 [&hellip;]<\/p>\n","protected":false},"author":17,"featured_media":0,"comment_status":"closed","ping_status":"closed","sticky":false,"template":"","format":"standard","meta":{"footnotes":""},"categories":[3,6,11,25],"tags":[],"class_list":["post-210658","post","type-post","status-publish","format-standard","hentry","category-compras","category-descargar","category-directa","category-ministerio-de-salud"],"_links":{"self":[{"href":"https:\/\/compras.tierradelfuego.gob.ar\/index.php?rest_route=\/wp\/v2\/posts\/210658","targetHints":{"allow":["GET"]}}],"collection":[{"href":"https:\/\/compras.tierradelfuego.gob.ar\/index.php?rest_route=\/wp\/v2\/posts"}],"about":[{"href":"https:\/\/compras.tierradelfuego.gob.ar\/index.php?rest_route=\/wp\/v2\/types\/post"}],"author":[{"embeddable":true,"href":"https:\/\/compras.tierradelfuego.gob.ar\/index.php?rest_route=\/wp\/v2\/users\/17"}],"replies":[{"embeddable":true,"href":"https:\/\/compras.tierradelfuego.gob.ar\/index.php?rest_route=%2Fwp%2Fv2%2Fcomments&post=210658"}],"version-history":[{"count":2,"href":"https:\/\/compras.tierradelfuego.gob.ar\/index.php?rest_route=\/wp\/v2\/posts\/210658\/revisions"}],"predecessor-version":[{"id":210661,"href":"https:\/\/compras.tierradelfuego.gob.ar\/index.php?rest_route=\/wp\/v2\/posts\/210658\/revisions\/210661"}],"wp:attachment":[{"href":"https:\/\/compras.tierradelfuego.gob.ar\/index.php?rest_route=%2Fwp%2Fv2%2Fmedia&parent=210658"}],"wp:term":[{"taxonomy":"category","embeddable":true,"href":"https:\/\/compras.tierradelfuego.gob.ar\/index.php?rest_route=%2Fwp%2Fv2%2Fcategories&post=210658"},{"taxonomy":"post_tag","embeddable":true,"href":"https:\/\/compras.tierradelfuego.gob.ar\/index.php?rest_route=%2Fwp%2Fv2%2Ftags&post=210658"}],"curies":[{"name":"wp","href":"https:\/\/api.w.org\/{rel}","templated":true}]}}