{"id":197126,"date":"2024-04-24T14:27:59","date_gmt":"2024-04-24T17:27:59","guid":{"rendered":"https:\/\/compras.tierradelfuego.gob.ar\/?p=197126"},"modified":"2024-04-24T14:27:59","modified_gmt":"2024-04-24T17:27:59","slug":"compra-directa-n-03-2024-raf-125-expte-elec-n-sglt-e-21587-2024-s-adquisicion-de-cartuchos-de-tinta-para-las-impresoras-de-la-escribania-general","status":"publish","type":"post","link":"https:\/\/compras.tierradelfuego.gob.ar\/?p=197126","title":{"rendered":"COMPRA DIRECTA N\u00b0 03\/2024 RAF. 125.  EXPTE ELEC. N\u00b0 SGLT-E- 21587-2024 &#8211; \u00abS\/ ADQUISICI\u00d3N DE CARTUCHOS DE TINTA PARA LAS IMPRESORAS DE LA ESCRIBAN\u00cdA GENERAL.-\u00ab"},"content":{"rendered":"<p>COMPRA DIRECTA N\u00b0 03\/2024 RAF. 125.<\/p>\n<p>EXPTE ELEC. N\u00b0 SGLT-E- 21587-2024 &#8211; \u00abS\/ ADQUISICI\u00d3N DE CARTUCHOS DE TINTA PARA LAS IMPRESORAS DE LA ESCRIBAN\u00cdA GENERAL.-\u00bb<\/p>\n<p>COMPRA DIRECTA N\u00b0 03\/2024 RAF. 125<\/p>\n<p>ADJUDICACI\u00d3N MEDIANTE RESOLUCI\u00d3N SUBSECRETAR\u00cdA DE ADMINISTRACI\u00d3N N\u00b0 145\/2024.<\/p>\n<p>ORDEN DE COMPRA N\u00b0 05\/2024 &#8211; RAF.125 &#8211; LAVORI HENNINGER, GUSTAVO ADOLFO.<\/p>\n<p>TEL\u00c9FONO DE CONTACTO:\u00a002901 &#8211; 441242\u00a0\/ INT. 1242.-<\/p>\n<p>E-MAIL DE CONSULTA:\u00a0AFILIPPI@TIERRADELFUEGO.GOB.AR\u00a0\/\u00a0MBARNECHE@TIERRADELFUEGO.GOB.AR<\/p>\n<p><strong><a href=\"https:\/\/compras.tierradelfuego.gob.ar\/wp-content\/uploads\/2024\/04\/adjudicacion-compra-directa-n-032024-raf-125-expte-elec-n-slg-e-21587-2024-_sadquisicion-de-cartuchos-de-tinta-para-las-impresoras-de-la-escribania-general-_-1.zip\">adjudicacion-compra-directa-n-032024-raf-125-expte-elec-n-slg-e-21587-2024-<\/a><\/strong><\/p>\n<p>&nbsp;<\/p>\n","protected":false},"excerpt":{"rendered":"<p>COMPRA DIRECTA N\u00b0 03\/2024 RAF. 125. EXPTE ELEC. N\u00b0 SGLT-E- 21587-2024 &#8211; \u00abS\/ ADQUISICI\u00d3N DE CARTUCHOS DE TINTA PARA LAS IMPRESORAS DE LA ESCRIBAN\u00cdA GENERAL.-\u00bb COMPRA DIRECTA N\u00b0 03\/2024 RAF. 125 ADJUDICACI\u00d3N MEDIANTE RESOLUCI\u00d3N SUBSECRETAR\u00cdA DE ADMINISTRACI\u00d3N N\u00b0 145\/2024. ORDEN DE COMPRA N\u00b0 05\/2024 &#8211; RAF.125 &#8211; LAVORI HENNINGER, GUSTAVO ADOLFO. TEL\u00c9FONO DE CONTACTO:\u00a002901 &#8211; [&hellip;]<\/p>\n","protected":false},"author":20,"featured_media":0,"comment_status":"closed","ping_status":"closed","sticky":false,"template":"","format":"standard","meta":{"footnotes":""},"categories":[186,3,11,34],"tags":[],"class_list":["post-197126","post","type-post","status-publish","format-standard","hentry","category-adjudicadas","category-compras","category-directa","category-secretaria-de-legal-y-tecnica"],"_links":{"self":[{"href":"https:\/\/compras.tierradelfuego.gob.ar\/index.php?rest_route=\/wp\/v2\/posts\/197126","targetHints":{"allow":["GET"]}}],"collection":[{"href":"https:\/\/compras.tierradelfuego.gob.ar\/index.php?rest_route=\/wp\/v2\/posts"}],"about":[{"href":"https:\/\/compras.tierradelfuego.gob.ar\/index.php?rest_route=\/wp\/v2\/types\/post"}],"author":[{"embeddable":true,"href":"https:\/\/compras.tierradelfuego.gob.ar\/index.php?rest_route=\/wp\/v2\/users\/20"}],"replies":[{"embeddable":true,"href":"https:\/\/compras.tierradelfuego.gob.ar\/index.php?rest_route=%2Fwp%2Fv2%2Fcomments&post=197126"}],"version-history":[{"count":1,"href":"https:\/\/compras.tierradelfuego.gob.ar\/index.php?rest_route=\/wp\/v2\/posts\/197126\/revisions"}],"predecessor-version":[{"id":197128,"href":"https:\/\/compras.tierradelfuego.gob.ar\/index.php?rest_route=\/wp\/v2\/posts\/197126\/revisions\/197128"}],"wp:attachment":[{"href":"https:\/\/compras.tierradelfuego.gob.ar\/index.php?rest_route=%2Fwp%2Fv2%2Fmedia&parent=197126"}],"wp:term":[{"taxonomy":"category","embeddable":true,"href":"https:\/\/compras.tierradelfuego.gob.ar\/index.php?rest_route=%2Fwp%2Fv2%2Fcategories&post=197126"},{"taxonomy":"post_tag","embeddable":true,"href":"https:\/\/compras.tierradelfuego.gob.ar\/index.php?rest_route=%2Fwp%2Fv2%2Ftags&post=197126"}],"curies":[{"name":"wp","href":"https:\/\/api.w.org\/{rel}","templated":true}]}}