{"id":195780,"date":"2024-04-15T10:53:37","date_gmt":"2024-04-15T13:53:37","guid":{"rendered":"https:\/\/compras.tierradelfuego.gob.ar\/?p=195780"},"modified":"2024-04-15T10:53:57","modified_gmt":"2024-04-15T13:53:57","slug":"compra-directa-n-02-2024-raf-125-expte-elec-n-sglt-e-15485-2024-s-adquisicion-de-discos-rigidos-internos-destinados-a-equipamiento-informatico-tipo-all-in-one-dependientes-de-la","status":"publish","type":"post","link":"https:\/\/compras.tierradelfuego.gob.ar\/?p=195780","title":{"rendered":"COMPRA DIRECTA N\u00b0 02\/2024 RAF. 125  EXPTE ELEC. N\u00b0 SGLT-E- 15485-2024 &#8211; \u00abS\/ ADQUISICI\u00d3N DE DISCOS R\u00cdGIDOS INTERNOS, DESTINADOS A EQUIPAMIENTO INFORM\u00c1TICO TIPO ALL IN ONE DEPENDIENTES DE LA DIRECCI\u00d3N GENERAL DE ADMINISTRACI\u00d3N FINANCIERA DE LA SECRETAR\u00cdA LEGAL DE GOBIERNO .-\u00ab"},"content":{"rendered":"<p>COMPRA DIRECTA N\u00b0 02\/2024 RAF. 125<\/p>\n<p>EXPTE ELEC. N\u00b0 SGLT-E- 15485-2024 &#8211; \u00abS\/ ADQUISICI\u00d3N DE DISCOS R\u00cdGIDOS INTERNOS, DESTINADOS A EQUIPAMIENTO INFORM\u00c1TICO TIPO ALL IN ONE DEPENDIENTES DE LA DIRECCI\u00d3N GENERAL DE ADMINISTRACI\u00d3N FINANCIERA DE LA SECRETAR\u00cdA LEGAL DE GOBIERNO .-\u00bb<\/p>\n<p>ADJUDICACI\u00d3N MEDIANTE\u00a0RESOLUCI\u00d3N SECRETAR\u00cdA T\u00c9CNICA OPERATIVA N\u00b0 03\/2024.<\/p>\n<p>ORDEN DE COMPRA N\u00b0 04\/2024 &#8211; RAF.125 &#8211; FUHR, LEONARDO EZEQUIEL.<\/p>\n<p>&nbsp;<\/p>\n<p>TEL\u00c9FONO DE CONTACTO:\u00a002901 &#8211; 441242\u00a0\/ INT. 1242.-<\/p>\n<p>E-MAIL DE CONSULTA:\u00a0AFILIPPI@TIERRADELFUEGO.GOB.AR\u00a0\/\u00a0MBARNECHE@TIERRADELFUEGO.GOB.AR<\/p>\n<p>&nbsp;<\/p>\n<p><a href=\"https:\/\/compras.tierradelfuego.gob.ar\/wp-content\/uploads\/2024\/04\/orden-de-compra-n-04-2024-fuhr-leonardo-ezequiel.pdf.pdf\">orden-de-compra-n-04-2024-fuhr-leonardo-ezequiel.pdf<\/a><\/p>\n<p>&nbsp;<\/p>\n","protected":false},"excerpt":{"rendered":"<p>COMPRA DIRECTA N\u00b0 02\/2024 RAF. 125 EXPTE ELEC. N\u00b0 SGLT-E- 15485-2024 &#8211; \u00abS\/ ADQUISICI\u00d3N DE DISCOS R\u00cdGIDOS INTERNOS, DESTINADOS A EQUIPAMIENTO INFORM\u00c1TICO TIPO ALL IN ONE DEPENDIENTES DE LA DIRECCI\u00d3N GENERAL DE ADMINISTRACI\u00d3N FINANCIERA DE LA SECRETAR\u00cdA LEGAL DE GOBIERNO .-\u00bb ADJUDICACI\u00d3N MEDIANTE\u00a0RESOLUCI\u00d3N SECRETAR\u00cdA T\u00c9CNICA OPERATIVA N\u00b0 03\/2024. ORDEN DE COMPRA N\u00b0 04\/2024 &#8211; RAF.125 [&hellip;]<\/p>\n","protected":false},"author":17,"featured_media":0,"comment_status":"closed","ping_status":"closed","sticky":false,"template":"","format":"standard","meta":{"footnotes":""},"categories":[3,6,11,34],"tags":[],"class_list":["post-195780","post","type-post","status-publish","format-standard","hentry","category-compras","category-descargar","category-directa","category-secretaria-de-legal-y-tecnica"],"_links":{"self":[{"href":"https:\/\/compras.tierradelfuego.gob.ar\/index.php?rest_route=\/wp\/v2\/posts\/195780","targetHints":{"allow":["GET"]}}],"collection":[{"href":"https:\/\/compras.tierradelfuego.gob.ar\/index.php?rest_route=\/wp\/v2\/posts"}],"about":[{"href":"https:\/\/compras.tierradelfuego.gob.ar\/index.php?rest_route=\/wp\/v2\/types\/post"}],"author":[{"embeddable":true,"href":"https:\/\/compras.tierradelfuego.gob.ar\/index.php?rest_route=\/wp\/v2\/users\/17"}],"replies":[{"embeddable":true,"href":"https:\/\/compras.tierradelfuego.gob.ar\/index.php?rest_route=%2Fwp%2Fv2%2Fcomments&post=195780"}],"version-history":[{"count":1,"href":"https:\/\/compras.tierradelfuego.gob.ar\/index.php?rest_route=\/wp\/v2\/posts\/195780\/revisions"}],"predecessor-version":[{"id":195782,"href":"https:\/\/compras.tierradelfuego.gob.ar\/index.php?rest_route=\/wp\/v2\/posts\/195780\/revisions\/195782"}],"wp:attachment":[{"href":"https:\/\/compras.tierradelfuego.gob.ar\/index.php?rest_route=%2Fwp%2Fv2%2Fmedia&parent=195780"}],"wp:term":[{"taxonomy":"category","embeddable":true,"href":"https:\/\/compras.tierradelfuego.gob.ar\/index.php?rest_route=%2Fwp%2Fv2%2Fcategories&post=195780"},{"taxonomy":"post_tag","embeddable":true,"href":"https:\/\/compras.tierradelfuego.gob.ar\/index.php?rest_route=%2Fwp%2Fv2%2Ftags&post=195780"}],"curies":[{"name":"wp","href":"https:\/\/api.w.org\/{rel}","templated":true}]}}