{"id":195270,"date":"2024-04-10T14:40:44","date_gmt":"2024-04-10T17:40:44","guid":{"rendered":"https:\/\/compras.tierradelfuego.gob.ar\/?p=195270"},"modified":"2024-04-10T14:42:33","modified_gmt":"2024-04-10T17:42:33","slug":"resolucion-sub-tzn-n-058-24-anexo-i-y-orden-de-compra-que-obra-en-el-archivo-adjunto-expediente-electronico-mte-e-10110-2024-objeto-s-contratacion-de-profesional-por-ley-pcial-n","status":"publish","type":"post","link":"https:\/\/compras.tierradelfuego.gob.ar\/?p=195270","title":{"rendered":"RESOLUCI\u00d3N SUB. TZN. N\u00b0 058\/24, ANEXO I Y ORDEN DE COMPRA QUE OBRA EN EL ARCHIVO ADJUNTO. EXPEDIENTE ELECTR\u00d3NICO MTE-E-10110-2024    OBJETO: S\/CONTRATACI\u00d3N DE PROFESIONAL  POR LEY PCIAL. N\u00b0 1015 ART.18 INC.K. RAM\u00cdREZ RUB\u00c9N EZEQUIEL"},"content":{"rendered":"<p>RESOLUCI\u00d3N SUB. TZN. N\u00b0 058\/24, ANEXO I Y ORDEN DE COMPRA QUE OBRA EN EL ARCHIVO ADJUNTO. <strong>EXPEDIENTE ELECTR\u00d3NICO MTE-E-10110-2024<\/strong><\/p>\n<p>&nbsp;<\/p>\n<p>OBJETO: S\/CONTRATACI\u00d3N DE PROFESIONAL\u00a0 POR LEY PCIAL. N\u00b0 1015 ART.18 INC.K. RAM\u00cdREZ RUB\u00c9N EZEQUIEL<\/p>\n<p>&nbsp;<\/p>\n<p><a href=\"https:\/\/compras.tierradelfuego.gob.ar\/wp-content\/uploads\/2024\/04\/resolucion-de-adjudicacion-y-orden-de-compra-expte.-10110-24.pdf\">resolucion-de-adjudicacion-y-orden-de-compra-expte.-10110-24<\/a><\/p>\n<p>&nbsp;<\/p>\n","protected":false},"excerpt":{"rendered":"<p>RESOLUCI\u00d3N SUB. TZN. N\u00b0 058\/24, ANEXO I Y ORDEN DE COMPRA QUE OBRA EN EL ARCHIVO ADJUNTO. EXPEDIENTE ELECTR\u00d3NICO MTE-E-10110-2024 &nbsp; OBJETO: S\/CONTRATACI\u00d3N DE PROFESIONAL\u00a0 POR LEY PCIAL. N\u00b0 1015 ART.18 INC.K. RAM\u00cdREZ RUB\u00c9N EZEQUIEL &nbsp; resolucion-de-adjudicacion-y-orden-de-compra-expte.-10110-24 &nbsp;<\/p>\n","protected":false},"author":17,"featured_media":0,"comment_status":"closed","ping_status":"closed","sticky":false,"template":"","format":"standard","meta":{"footnotes":""},"categories":[3,6,11,26],"tags":[],"class_list":["post-195270","post","type-post","status-publish","format-standard","hentry","category-compras","category-descargar","category-directa","category-ministerio-de-trabajo"],"_links":{"self":[{"href":"https:\/\/compras.tierradelfuego.gob.ar\/index.php?rest_route=\/wp\/v2\/posts\/195270","targetHints":{"allow":["GET"]}}],"collection":[{"href":"https:\/\/compras.tierradelfuego.gob.ar\/index.php?rest_route=\/wp\/v2\/posts"}],"about":[{"href":"https:\/\/compras.tierradelfuego.gob.ar\/index.php?rest_route=\/wp\/v2\/types\/post"}],"author":[{"embeddable":true,"href":"https:\/\/compras.tierradelfuego.gob.ar\/index.php?rest_route=\/wp\/v2\/users\/17"}],"replies":[{"embeddable":true,"href":"https:\/\/compras.tierradelfuego.gob.ar\/index.php?rest_route=%2Fwp%2Fv2%2Fcomments&post=195270"}],"version-history":[{"count":1,"href":"https:\/\/compras.tierradelfuego.gob.ar\/index.php?rest_route=\/wp\/v2\/posts\/195270\/revisions"}],"predecessor-version":[{"id":195272,"href":"https:\/\/compras.tierradelfuego.gob.ar\/index.php?rest_route=\/wp\/v2\/posts\/195270\/revisions\/195272"}],"wp:attachment":[{"href":"https:\/\/compras.tierradelfuego.gob.ar\/index.php?rest_route=%2Fwp%2Fv2%2Fmedia&parent=195270"}],"wp:term":[{"taxonomy":"category","embeddable":true,"href":"https:\/\/compras.tierradelfuego.gob.ar\/index.php?rest_route=%2Fwp%2Fv2%2Fcategories&post=195270"},{"taxonomy":"post_tag","embeddable":true,"href":"https:\/\/compras.tierradelfuego.gob.ar\/index.php?rest_route=%2Fwp%2Fv2%2Ftags&post=195270"}],"curies":[{"name":"wp","href":"https:\/\/api.w.org\/{rel}","templated":true}]}}