{"id":191138,"date":"2024-03-04T10:20:21","date_gmt":"2024-03-04T13:20:21","guid":{"rendered":"https:\/\/compras.tierradelfuego.gob.ar\/?p=191138"},"modified":"2024-03-04T10:23:59","modified_gmt":"2024-03-04T13:23:59","slug":"resolucion-general-aref-n-810-23-sobre-adjudicacion-licitacion-publica-n-3-23-expediente-electronico-aref-e-411-2023-objeto-s-contratacion-servicio-de-instalacion-y-certificacion-de","status":"publish","type":"post","link":"https:\/\/compras.tierradelfuego.gob.ar\/?p=191138","title":{"rendered":"RESOLUCI\u00d3N GENERAL AREF N\u00b0 810\/23 SOBRE ADJUDICACI\u00d3N LICITACI\u00d3N P\u00daBLICA N\u00b0 3\/23 &#8211; EXPEDIENTE ELECTR\u00d3NICO AREF-E-411-2023  OBJETO: \u00abS\/CONTRATACI\u00d3N SERVICIO DE INSTALACI\u00d3N Y CERTIFICACI\u00d3N DE INFRAESTRUCTURA DE CABLEADO DE DATOS PARA LA LOCACION SITO EN LASERRE N\u00b0 855 DE LA CIUDAD DE RIO GRANDE\u00bb."},"content":{"rendered":"<p>RESOLUCI\u00d3N GENERAL AREF N\u00b0 810\/23 SOBRE ADJUDICACI\u00d3N LICITACI\u00d3N P\u00daBLICA N\u00b0 3\/23 &#8211; EXPEDIENTE ELECTR\u00d3NICO AREF-E-411-2023<\/p>\n<p>OBJETO: \u00abS\/CONTRATACI\u00d3N SERVICIO DE INSTALACI\u00d3N Y CERTIFICACI\u00d3N DE INFRAESTRUCTURA DE CABLEADO DE DATOS PARA LA LOCACION SITO EN LASERRE N\u00b0 855 DE LA CIUDAD DE RIO GRANDE\u00bb.<\/p>\n<p>\u00c1REA SOLICITANTE: DIRECCI\u00d3N GENERAL DE TECNOLOG\u00cdA, INFORM\u00c1TICA Y COMUNICACIONES &#8211; AREF<\/p>\n<p>&nbsp;<\/p>\n<p><a href=\"https:\/\/compras.tierradelfuego.gob.ar\/wp-content\/uploads\/2024\/03\/res-gral-aref-810-23-aprueba-y-adj-sp-profesional-puestos-informaticos.pdf\">res-gral-aref-810-23-aprueba-y-adj-sp-profesional-puestos-informaticos<\/a><\/p>\n","protected":false},"excerpt":{"rendered":"<p>RESOLUCI\u00d3N GENERAL AREF N\u00b0 810\/23 SOBRE ADJUDICACI\u00d3N LICITACI\u00d3N P\u00daBLICA N\u00b0 3\/23 &#8211; EXPEDIENTE ELECTR\u00d3NICO AREF-E-411-2023 OBJETO: \u00abS\/CONTRATACI\u00d3N SERVICIO DE INSTALACI\u00d3N Y CERTIFICACI\u00d3N DE INFRAESTRUCTURA DE CABLEADO DE DATOS PARA LA LOCACION SITO EN LASERRE N\u00b0 855 DE LA CIUDAD DE RIO GRANDE\u00bb. \u00c1REA SOLICITANTE: DIRECCI\u00d3N GENERAL DE TECNOLOG\u00cdA, INFORM\u00c1TICA Y COMUNICACIONES &#8211; AREF &nbsp; res-gral-aref-810-23-aprueba-y-adj-sp-profesional-puestos-informaticos<\/p>\n","protected":false},"author":17,"featured_media":0,"comment_status":"closed","ping_status":"closed","sticky":false,"template":"","format":"standard","meta":{"footnotes":""},"categories":[186,101,3,6,19],"tags":[],"class_list":["post-191138","post","type-post","status-publish","format-standard","hentry","category-adjudicadas","category-aref","category-compras","category-descargar","category-licitacion-publica"],"_links":{"self":[{"href":"https:\/\/compras.tierradelfuego.gob.ar\/index.php?rest_route=\/wp\/v2\/posts\/191138","targetHints":{"allow":["GET"]}}],"collection":[{"href":"https:\/\/compras.tierradelfuego.gob.ar\/index.php?rest_route=\/wp\/v2\/posts"}],"about":[{"href":"https:\/\/compras.tierradelfuego.gob.ar\/index.php?rest_route=\/wp\/v2\/types\/post"}],"author":[{"embeddable":true,"href":"https:\/\/compras.tierradelfuego.gob.ar\/index.php?rest_route=\/wp\/v2\/users\/17"}],"replies":[{"embeddable":true,"href":"https:\/\/compras.tierradelfuego.gob.ar\/index.php?rest_route=%2Fwp%2Fv2%2Fcomments&post=191138"}],"version-history":[{"count":1,"href":"https:\/\/compras.tierradelfuego.gob.ar\/index.php?rest_route=\/wp\/v2\/posts\/191138\/revisions"}],"predecessor-version":[{"id":191140,"href":"https:\/\/compras.tierradelfuego.gob.ar\/index.php?rest_route=\/wp\/v2\/posts\/191138\/revisions\/191140"}],"wp:attachment":[{"href":"https:\/\/compras.tierradelfuego.gob.ar\/index.php?rest_route=%2Fwp%2Fv2%2Fmedia&parent=191138"}],"wp:term":[{"taxonomy":"category","embeddable":true,"href":"https:\/\/compras.tierradelfuego.gob.ar\/index.php?rest_route=%2Fwp%2Fv2%2Fcategories&post=191138"},{"taxonomy":"post_tag","embeddable":true,"href":"https:\/\/compras.tierradelfuego.gob.ar\/index.php?rest_route=%2Fwp%2Fv2%2Ftags&post=191138"}],"curies":[{"name":"wp","href":"https:\/\/api.w.org\/{rel}","templated":true}]}}