{"id":190844,"date":"2024-02-28T15:12:55","date_gmt":"2024-02-28T18:12:55","guid":{"rendered":"https:\/\/compras.tierradelfuego.gob.ar\/?p=190844"},"modified":"2024-02-28T15:13:26","modified_gmt":"2024-02-28T18:13:26","slug":"planilla-de-preadjudicacion-contratacion-directa-por-adjudicacion-simple-n22-2024-raf-560-expediente-nmpa-e-6336-2024-s-solicita-service-del-vehiculo-toyota-dominio-af736qe","status":"publish","type":"post","link":"https:\/\/compras.tierradelfuego.gob.ar\/?p=190844","title":{"rendered":"PLANILLA DE PREADJUDICACI\u00d3N CONTRATACI\u00d3N DIRECTA POR ADJUDICACI\u00d3N SIMPLE N\u00b022\/2024 &#8211; RAF 560  EXPEDIENTE N\u00b0MPA-E-6336-2024:  \u201cS\/SOLICITA SERVICE DEL VEH\u00cdCULO TOYOTA DOMINIO AF736QE &#8211; ZONA CENTRO\u201d ."},"content":{"rendered":"<p>PLANILLA DE PREADJUDICACI\u00d3N<\/p>\n<p>CONTRATACI\u00d3N DIRECTA POR ADJUDICACI\u00d3N SIMPLE N\u00b022\/2024 &#8211; RAF 560<\/p>\n<p>EXPEDIENTE N\u00b0MPA-E-6336-2024:\u00a0\u00a0<strong><u>\u201cS\/SOLICITA SERVICE DEL VEH\u00cdCULO TOYOTA DOMINIO AF736QE &#8211; ZONA CENTRO\u201d\u00a0<\/u><\/strong>.<\/p>\n<p><strong><a href=\"https:\/\/compras.tierradelfuego.gob.ar\/wp-content\/uploads\/2024\/02\/planilla-de-preadjudicacion-46.pdf\">planilla-de-preadjudicacion-<\/a><\/strong><\/p>\n<p>&nbsp;<\/p>\n<p>&nbsp;<\/p>\n","protected":false},"excerpt":{"rendered":"<p>PLANILLA DE PREADJUDICACI\u00d3N CONTRATACI\u00d3N DIRECTA POR ADJUDICACI\u00d3N SIMPLE N\u00b022\/2024 &#8211; RAF 560 EXPEDIENTE N\u00b0MPA-E-6336-2024:\u00a0\u00a0\u201cS\/SOLICITA SERVICE DEL VEH\u00cdCULO TOYOTA DOMINIO AF736QE &#8211; ZONA CENTRO\u201d\u00a0. planilla-de-preadjudicacion- &nbsp; &nbsp;<\/p>\n","protected":false},"author":20,"featured_media":0,"comment_status":"closed","ping_status":"closed","sticky":false,"template":"","format":"standard","meta":{"footnotes":""},"categories":[186,3,11,159],"tags":[],"class_list":["post-190844","post","type-post","status-publish","format-standard","hentry","category-adjudicadas","category-compras","category-directa","category-ministerio-de-produccion-y-ambiente"],"_links":{"self":[{"href":"https:\/\/compras.tierradelfuego.gob.ar\/index.php?rest_route=\/wp\/v2\/posts\/190844","targetHints":{"allow":["GET"]}}],"collection":[{"href":"https:\/\/compras.tierradelfuego.gob.ar\/index.php?rest_route=\/wp\/v2\/posts"}],"about":[{"href":"https:\/\/compras.tierradelfuego.gob.ar\/index.php?rest_route=\/wp\/v2\/types\/post"}],"author":[{"embeddable":true,"href":"https:\/\/compras.tierradelfuego.gob.ar\/index.php?rest_route=\/wp\/v2\/users\/20"}],"replies":[{"embeddable":true,"href":"https:\/\/compras.tierradelfuego.gob.ar\/index.php?rest_route=%2Fwp%2Fv2%2Fcomments&post=190844"}],"version-history":[{"count":1,"href":"https:\/\/compras.tierradelfuego.gob.ar\/index.php?rest_route=\/wp\/v2\/posts\/190844\/revisions"}],"predecessor-version":[{"id":190846,"href":"https:\/\/compras.tierradelfuego.gob.ar\/index.php?rest_route=\/wp\/v2\/posts\/190844\/revisions\/190846"}],"wp:attachment":[{"href":"https:\/\/compras.tierradelfuego.gob.ar\/index.php?rest_route=%2Fwp%2Fv2%2Fmedia&parent=190844"}],"wp:term":[{"taxonomy":"category","embeddable":true,"href":"https:\/\/compras.tierradelfuego.gob.ar\/index.php?rest_route=%2Fwp%2Fv2%2Fcategories&post=190844"},{"taxonomy":"post_tag","embeddable":true,"href":"https:\/\/compras.tierradelfuego.gob.ar\/index.php?rest_route=%2Fwp%2Fv2%2Ftags&post=190844"}],"curies":[{"name":"wp","href":"https:\/\/api.w.org\/{rel}","templated":true}]}}