{"id":185123,"date":"2023-12-11T10:44:25","date_gmt":"2023-12-11T13:44:25","guid":{"rendered":"https:\/\/compras.tierradelfuego.gob.ar\/?p=185123"},"modified":"2023-12-11T10:45:02","modified_gmt":"2023-12-11T13:45:02","slug":"adjudicacion-de-compra-directa-n-38-2023-segundo-llamado-expediente-i-p-r-a-n-2159-ee-2023-s-adquisicion-de-ventiladores-de-pie","status":"publish","type":"post","link":"https:\/\/compras.tierradelfuego.gob.ar\/?p=185123","title":{"rendered":"ADJUDICACI\u00d3N DE COMPRA DIRECTA N\u00b0 38\/2023- SEGUNDO LLAMADO  EXPEDIENTE I.P.R.A. N\u00b0 2159-EE-2023 \u00abS\/ADQUISICI\u00d3N DE VENTILADORES DE PIE\u00bb"},"content":{"rendered":"<p>ADJUDICACI\u00d3N DE COMPRA DIRECTA N\u00b0 38\/2023- SEGUNDO LLAMADO<\/p>\n<p>EXPEDIENTE I.P.R.A. N\u00b0 2159-EE-2023 \u00abS\/ADQUISICI\u00d3N DE VENTILADORES DE PIE\u00bb<\/p>\n<p>DIFUSI\u00d3N: RESOLUCI\u00d3N IPRA N\u00b0 1712-2023<\/p>\n<p>ADJUDICACI\u00d3N A LA FIRMA : BERNALES MACIAS JUAN ANTONIO- (CASA ZEILA)<\/p>\n<p>\u00c1REA SOLICITANTE: DEPARTAMENTO PROTOCOLO Y CEREMONIAL A CARGO DE LA DIRECCI\u00d3N DE ADMINISTRACI\u00d3N<\/p>\n<p>&nbsp;<\/p>\n<p><a href=\"https:\/\/compras.tierradelfuego.gob.ar\/wp-content\/uploads\/2023\/12\/resolucion-adjudicacion-ventiladores_compressed.pdf\">resolucion-adjudicacion-ventiladores_compressed<\/a><\/p>\n<p>&nbsp;<\/p>\n<p><a href=\"https:\/\/compras.tierradelfuego.gob.ar\/wp-content\/uploads\/2023\/12\/orden-de-compra-definitiva-casa-zeila-ventiladores.pdf\">orden-de-compra-definitiva-casa-zeila-ventiladores<\/a><\/p>\n<p>&nbsp;<\/p>\n","protected":false},"excerpt":{"rendered":"<p>ADJUDICACI\u00d3N DE COMPRA DIRECTA N\u00b0 38\/2023- SEGUNDO LLAMADO EXPEDIENTE I.P.R.A. N\u00b0 2159-EE-2023 \u00abS\/ADQUISICI\u00d3N DE VENTILADORES DE PIE\u00bb DIFUSI\u00d3N: RESOLUCI\u00d3N IPRA N\u00b0 1712-2023 ADJUDICACI\u00d3N A LA FIRMA : BERNALES MACIAS JUAN ANTONIO- (CASA ZEILA) \u00c1REA SOLICITANTE: DEPARTAMENTO PROTOCOLO Y CEREMONIAL A CARGO DE LA DIRECCI\u00d3N DE ADMINISTRACI\u00d3N &nbsp; resolucion-adjudicacion-ventiladores_compressed &nbsp; orden-de-compra-definitiva-casa-zeila-ventiladores &nbsp;<\/p>\n","protected":false},"author":17,"featured_media":0,"comment_status":"closed","ping_status":"closed","sticky":false,"template":"","format":"standard","meta":{"footnotes":""},"categories":[186,3,6,11,17],"tags":[],"class_list":["post-185123","post","type-post","status-publish","format-standard","hentry","category-adjudicadas","category-compras","category-descargar","category-directa","category-instituto-provincial-de-recaudacion-de-apuestas-ipra"],"_links":{"self":[{"href":"https:\/\/compras.tierradelfuego.gob.ar\/index.php?rest_route=\/wp\/v2\/posts\/185123","targetHints":{"allow":["GET"]}}],"collection":[{"href":"https:\/\/compras.tierradelfuego.gob.ar\/index.php?rest_route=\/wp\/v2\/posts"}],"about":[{"href":"https:\/\/compras.tierradelfuego.gob.ar\/index.php?rest_route=\/wp\/v2\/types\/post"}],"author":[{"embeddable":true,"href":"https:\/\/compras.tierradelfuego.gob.ar\/index.php?rest_route=\/wp\/v2\/users\/17"}],"replies":[{"embeddable":true,"href":"https:\/\/compras.tierradelfuego.gob.ar\/index.php?rest_route=%2Fwp%2Fv2%2Fcomments&post=185123"}],"version-history":[{"count":1,"href":"https:\/\/compras.tierradelfuego.gob.ar\/index.php?rest_route=\/wp\/v2\/posts\/185123\/revisions"}],"predecessor-version":[{"id":185126,"href":"https:\/\/compras.tierradelfuego.gob.ar\/index.php?rest_route=\/wp\/v2\/posts\/185123\/revisions\/185126"}],"wp:attachment":[{"href":"https:\/\/compras.tierradelfuego.gob.ar\/index.php?rest_route=%2Fwp%2Fv2%2Fmedia&parent=185123"}],"wp:term":[{"taxonomy":"category","embeddable":true,"href":"https:\/\/compras.tierradelfuego.gob.ar\/index.php?rest_route=%2Fwp%2Fv2%2Fcategories&post=185123"},{"taxonomy":"post_tag","embeddable":true,"href":"https:\/\/compras.tierradelfuego.gob.ar\/index.php?rest_route=%2Fwp%2Fv2%2Ftags&post=185123"}],"curies":[{"name":"wp","href":"https:\/\/api.w.org\/{rel}","templated":true}]}}