{"id":169880,"date":"2023-07-31T15:26:59","date_gmt":"2023-07-31T18:26:59","guid":{"rendered":"https:\/\/compras.tierradelfuego.gob.ar\/?p=169880"},"modified":"2023-07-31T15:26:59","modified_gmt":"2023-07-31T18:26:59","slug":"contratacion-directa-n-4-23-106-compulsa-abreviada-expediente-ms-e-45324-23-objeto-adquisicion-de-equipo-de-conexion-esteril-de-tubuladuras-destinado-al-hospital-regio","status":"publish","type":"post","link":"https:\/\/compras.tierradelfuego.gob.ar\/?p=169880","title":{"rendered":"CONTRATACI\u00d3N DIRECTA N\u00b0 4\/23-106 &#8211; COMPULSA ABREVIADA\u00a0 &#8211; EXPEDIENTE MS-E- 45324\/23\u00a0  OBJETO: \u00bb\u00a0ADQUISICI\u00d3N DE EQUIPO DE CONEXI\u00d3N EST\u00c9RIL DE TUBULADURAS DESTINADO AL HOSPITAL REGIONAL USHUAIA, DEPENDIENTE DEL MINISTERIO DE SALUD DE LA PROVINCIA.\u00bb"},"content":{"rendered":"<p>CONTRATACI\u00d3N DIRECTA N\u00b0 4\/23-106 &#8211; COMPULSA ABREVIADA\u00a0 &#8211; EXPEDIENTE MS-E- 45324\/23<\/p>\n<p>OBJETO: \u00bb\u00a0ADQUISICI\u00d3N DE EQUIPO DE CONEXI\u00d3N EST\u00c9RIL DE TUBULADURAS DESTINADO AL HOSPITAL REGIONAL USHUAIA, DEPENDIENTE DEL MINISTERIO DE SALUD DE LA PROVINCIA.\u00bb<\/p>\n<p>&#8211; FECHA L\u00cdMITE DE PRESENTACI\u00d3N DE OFERTAS: 03\/08\/23, HORA: 11:00HS.<br \/>\n&#8211; LUGAR DE PRESENTACI\u00d3N: CALLE AV. L. ALEM N\u00b0 629 &#8211; 2\u00b0 PISO &#8211; USHUAIA &#8211; CP 9410 &#8211; (DE 09 A 14 HS)<\/p>\n<p>PARA CONSULTAS Y ADELANTO DE COTIZACIONES DIRIGIRSE A LA DIRECCI\u00d3N DE CORREO ELECTR\u00d3NICO:\u00a0COMPRASMS@TIERRADELFUEGO.GOB.AR<\/p>\n<p>&nbsp;<\/p>\n<p><a href=\"https:\/\/compras.tierradelfuego.gob.ar\/wp-content\/uploads\/2023\/07\/disposicion-dgaf-n-244-2023-y-formulario-de-cotizacion.pdf\">disposicion-dgaf-n-244-2023-y-formulario-de-cotizacion<\/a><\/p>\n","protected":false},"excerpt":{"rendered":"<p>CONTRATACI\u00d3N DIRECTA N\u00b0 4\/23-106 &#8211; COMPULSA ABREVIADA\u00a0 &#8211; EXPEDIENTE MS-E- 45324\/23 OBJETO: \u00bb\u00a0ADQUISICI\u00d3N DE EQUIPO DE CONEXI\u00d3N EST\u00c9RIL DE TUBULADURAS DESTINADO AL HOSPITAL REGIONAL USHUAIA, DEPENDIENTE DEL MINISTERIO DE SALUD DE LA PROVINCIA.\u00bb &#8211; FECHA L\u00cdMITE DE PRESENTACI\u00d3N DE OFERTAS: 03\/08\/23, HORA: 11:00HS. &#8211; LUGAR DE PRESENTACI\u00d3N: CALLE AV. L. ALEM N\u00b0 629 &#8211; 2\u00b0 [&hellip;]<\/p>\n","protected":false},"author":17,"featured_media":0,"comment_status":"closed","ping_status":"closed","sticky":false,"template":"","format":"standard","meta":{"footnotes":""},"categories":[3,6,11,25],"tags":[],"class_list":["post-169880","post","type-post","status-publish","format-standard","hentry","category-compras","category-descargar","category-directa","category-ministerio-de-salud"],"_links":{"self":[{"href":"https:\/\/compras.tierradelfuego.gob.ar\/index.php?rest_route=\/wp\/v2\/posts\/169880","targetHints":{"allow":["GET"]}}],"collection":[{"href":"https:\/\/compras.tierradelfuego.gob.ar\/index.php?rest_route=\/wp\/v2\/posts"}],"about":[{"href":"https:\/\/compras.tierradelfuego.gob.ar\/index.php?rest_route=\/wp\/v2\/types\/post"}],"author":[{"embeddable":true,"href":"https:\/\/compras.tierradelfuego.gob.ar\/index.php?rest_route=\/wp\/v2\/users\/17"}],"replies":[{"embeddable":true,"href":"https:\/\/compras.tierradelfuego.gob.ar\/index.php?rest_route=%2Fwp%2Fv2%2Fcomments&post=169880"}],"version-history":[{"count":1,"href":"https:\/\/compras.tierradelfuego.gob.ar\/index.php?rest_route=\/wp\/v2\/posts\/169880\/revisions"}],"predecessor-version":[{"id":169882,"href":"https:\/\/compras.tierradelfuego.gob.ar\/index.php?rest_route=\/wp\/v2\/posts\/169880\/revisions\/169882"}],"wp:attachment":[{"href":"https:\/\/compras.tierradelfuego.gob.ar\/index.php?rest_route=%2Fwp%2Fv2%2Fmedia&parent=169880"}],"wp:term":[{"taxonomy":"category","embeddable":true,"href":"https:\/\/compras.tierradelfuego.gob.ar\/index.php?rest_route=%2Fwp%2Fv2%2Fcategories&post=169880"},{"taxonomy":"post_tag","embeddable":true,"href":"https:\/\/compras.tierradelfuego.gob.ar\/index.php?rest_route=%2Fwp%2Fv2%2Ftags&post=169880"}],"curies":[{"name":"wp","href":"https:\/\/api.w.org\/{rel}","templated":true}]}}