{"id":16722,"date":"2017-09-27T17:31:39","date_gmt":"2017-09-27T17:31:39","guid":{"rendered":"http:\/\/compras.tierradelfuego.gov.ar\/?p=16722"},"modified":"2017-09-27T17:31:39","modified_gmt":"2017-09-27T17:31:39","slug":"tribunal-de-cuentas-pedido-de-cotizacion-para-la-adquisicion-de-cubiertas-de-verano","status":"publish","type":"post","link":"https:\/\/compras.tierradelfuego.gob.ar\/?p=16722","title":{"rendered":"TRIBUNAL DE CUENTAS &#8211; PEDIDO DE COTIZACI\u00d3N PARA LA ADQUISICI\u00d3N DE CUBIERTAS DE VERANO"},"content":{"rendered":"<p><strong>TRIBUNAL DE CUENTAS &#8211; PEDIDO DE COTIZACI\u00d3N PARA LA ADQUISICI\u00d3N DE CUBIERTAS DE VERANO<\/strong>,CAMBIO, ALINEACI\u00d3N Y BALANCEO, PARA EL VEH\u00cdCULO OFICIAL DEL TRIBUNAL VOLKSWAGEN VOYAGE.<\/p>\n<p><strong>FECHA DE RECEPCI\u00d3N DE OFERTAS<\/strong>: 3\/10\/17 &#8211;\u00a0 12.00HS.<\/p>\n<p><strong>LUGAR DE PRESENTACI\u00d3N:<\/strong> DIRECCI\u00d3N DE ADMINISTRACI\u00d3N TRIBUNAL DE CUENTAS DE LA PROVINCIA &#8211; 12 DE OCTUBRE N\u00ba 131-USHUAIA &#8211; TDF.<\/p>\n<p><strong>CONTACTO:<\/strong> (02901) 425026\/27 INT. 37.<\/p>\n<p><a href=\"http:\/\/compras.tierradelfuego.gov.ar\/wp-content\/uploads\/2017\/09\/Pedido-Cotizacion-TCP.pdf\">DESCARGAR &#8211; Pedido-Cotizacion-TCP<\/a><\/p>\n<p>&nbsp;<\/p>\n","protected":false},"excerpt":{"rendered":"<p>TRIBUNAL DE CUENTAS &#8211; PEDIDO DE COTIZACI\u00d3N PARA LA ADQUISICI\u00d3N DE CUBIERTAS DE VERANO,CAMBIO, ALINEACI\u00d3N Y BALANCEO, PARA EL VEH\u00cdCULO OFICIAL DEL TRIBUNAL VOLKSWAGEN VOYAGE. FECHA DE RECEPCI\u00d3N DE OFERTAS: 3\/10\/17 &#8211;\u00a0 12.00HS. LUGAR DE PRESENTACI\u00d3N: DIRECCI\u00d3N DE ADMINISTRACI\u00d3N TRIBUNAL DE CUENTAS DE LA PROVINCIA &#8211; 12 DE OCTUBRE N\u00ba 131-USHUAIA &#8211; TDF. CONTACTO: (02901) [&hellip;]<\/p>\n","protected":false},"author":1,"featured_media":0,"comment_status":"open","ping_status":"open","sticky":false,"template":"","format":"standard","meta":{"footnotes":""},"categories":[3,11,103],"tags":[],"class_list":["post-16722","post","type-post","status-publish","format-standard","hentry","category-compras","category-directa","category-tribunal-de-cuentas"],"_links":{"self":[{"href":"https:\/\/compras.tierradelfuego.gob.ar\/index.php?rest_route=\/wp\/v2\/posts\/16722","targetHints":{"allow":["GET"]}}],"collection":[{"href":"https:\/\/compras.tierradelfuego.gob.ar\/index.php?rest_route=\/wp\/v2\/posts"}],"about":[{"href":"https:\/\/compras.tierradelfuego.gob.ar\/index.php?rest_route=\/wp\/v2\/types\/post"}],"author":[{"embeddable":true,"href":"https:\/\/compras.tierradelfuego.gob.ar\/index.php?rest_route=\/wp\/v2\/users\/1"}],"replies":[{"embeddable":true,"href":"https:\/\/compras.tierradelfuego.gob.ar\/index.php?rest_route=%2Fwp%2Fv2%2Fcomments&post=16722"}],"version-history":[{"count":0,"href":"https:\/\/compras.tierradelfuego.gob.ar\/index.php?rest_route=\/wp\/v2\/posts\/16722\/revisions"}],"wp:attachment":[{"href":"https:\/\/compras.tierradelfuego.gob.ar\/index.php?rest_route=%2Fwp%2Fv2%2Fmedia&parent=16722"}],"wp:term":[{"taxonomy":"category","embeddable":true,"href":"https:\/\/compras.tierradelfuego.gob.ar\/index.php?rest_route=%2Fwp%2Fv2%2Fcategories&post=16722"},{"taxonomy":"post_tag","embeddable":true,"href":"https:\/\/compras.tierradelfuego.gob.ar\/index.php?rest_route=%2Fwp%2Fv2%2Ftags&post=16722"}],"curies":[{"name":"wp","href":"https:\/\/api.w.org\/{rel}","templated":true}]}}