{"id":164686,"date":"2023-06-13T15:27:40","date_gmt":"2023-06-13T18:27:40","guid":{"rendered":"https:\/\/compras.tierradelfuego.gob.ar\/?p=164686"},"modified":"2023-06-13T15:30:49","modified_gmt":"2023-06-13T18:30:49","slug":"adjudicacion-licitacion-publica-n-01-2023-raf-102-referente-a-la-adquisicion-de-camperas-de-uso-general-para-la-policia-de-la-provincia-tramitada-mediante-expediente-n-mgjdh-e-7003-2023","status":"publish","type":"post","link":"https:\/\/compras.tierradelfuego.gob.ar\/?p=164686","title":{"rendered":"ADJUDICACI\u00d3N LICITACI\u00d3N P\u00daBLICA N\u00b0 01\/2023 RAF 102 REFERENTE A LA ADQUISICI\u00d3N DE CAMPERAS DE USO GENERAL PARA LA POLIC\u00cdA DE LA PROVINCIA.  TRAMITADA MEDIANTE EXPEDIENTE N\u00b0 MGJDH-E-7003-2023."},"content":{"rendered":"<p>ADJUDICACI\u00d3N LICITACI\u00d3N P\u00daBLICA N\u00b0 01\/2023 RAF 102 REFERENTE A LA ADQUISICI\u00d3N DE CAMPERAS DE USO GENERAL PARA LA POLIC\u00cdA DE LA PROVINCIA.<br \/>\nTRAMITADA MEDIANTE EXPEDIENTE N\u00b0 MGJDH-E-7003-2023.<\/p>\n<p>&nbsp;<\/p>\n<p><a href=\"https:\/\/compras.tierradelfuego.gob.ar\/wp-content\/uploads\/2023\/06\/copia-certificada-decreto-pcial.-1440-23.pdf\">copia-certificada-decreto-pcial.-1440-23<\/a><\/p>\n<p>&nbsp;<\/p>\n","protected":false},"excerpt":{"rendered":"<p>ADJUDICACI\u00d3N LICITACI\u00d3N P\u00daBLICA N\u00b0 01\/2023 RAF 102 REFERENTE A LA ADQUISICI\u00d3N DE CAMPERAS DE USO GENERAL PARA LA POLIC\u00cdA DE LA PROVINCIA. TRAMITADA MEDIANTE EXPEDIENTE N\u00b0 MGJDH-E-7003-2023. &nbsp; copia-certificada-decreto-pcial.-1440-23 &nbsp;<\/p>\n","protected":false},"author":17,"featured_media":0,"comment_status":"closed","ping_status":"closed","sticky":false,"template":"","format":"standard","meta":{"footnotes":""},"categories":[186,3,6,19,168],"tags":[],"class_list":["post-164686","post","type-post","status-publish","format-standard","hentry","category-adjudicadas","category-compras","category-descargar","category-licitacion-publica","category-ministerio-de-gobierno"],"_links":{"self":[{"href":"https:\/\/compras.tierradelfuego.gob.ar\/index.php?rest_route=\/wp\/v2\/posts\/164686","targetHints":{"allow":["GET"]}}],"collection":[{"href":"https:\/\/compras.tierradelfuego.gob.ar\/index.php?rest_route=\/wp\/v2\/posts"}],"about":[{"href":"https:\/\/compras.tierradelfuego.gob.ar\/index.php?rest_route=\/wp\/v2\/types\/post"}],"author":[{"embeddable":true,"href":"https:\/\/compras.tierradelfuego.gob.ar\/index.php?rest_route=\/wp\/v2\/users\/17"}],"replies":[{"embeddable":true,"href":"https:\/\/compras.tierradelfuego.gob.ar\/index.php?rest_route=%2Fwp%2Fv2%2Fcomments&post=164686"}],"version-history":[{"count":1,"href":"https:\/\/compras.tierradelfuego.gob.ar\/index.php?rest_route=\/wp\/v2\/posts\/164686\/revisions"}],"predecessor-version":[{"id":164688,"href":"https:\/\/compras.tierradelfuego.gob.ar\/index.php?rest_route=\/wp\/v2\/posts\/164686\/revisions\/164688"}],"wp:attachment":[{"href":"https:\/\/compras.tierradelfuego.gob.ar\/index.php?rest_route=%2Fwp%2Fv2%2Fmedia&parent=164686"}],"wp:term":[{"taxonomy":"category","embeddable":true,"href":"https:\/\/compras.tierradelfuego.gob.ar\/index.php?rest_route=%2Fwp%2Fv2%2Fcategories&post=164686"},{"taxonomy":"post_tag","embeddable":true,"href":"https:\/\/compras.tierradelfuego.gob.ar\/index.php?rest_route=%2Fwp%2Fv2%2Ftags&post=164686"}],"curies":[{"name":"wp","href":"https:\/\/api.w.org\/{rel}","templated":true}]}}