{"id":15783,"date":"2017-08-17T15:06:33","date_gmt":"2017-08-17T15:06:33","guid":{"rendered":"http:\/\/compras.tierradelfuego.gov.ar\/?p=15783"},"modified":"2017-08-17T15:06:33","modified_gmt":"2017-08-17T15:06:33","slug":"expte-n-3655-md17-contratacion-de-un-01-vehiculo-con-chofer","status":"publish","type":"post","link":"https:\/\/compras.tierradelfuego.gob.ar\/?p=15783","title":{"rendered":"Expte. N\u00b0 3655-MD\/17 &#8211; CONTRATACI\u00d3N DE UN (01) VEH\u00cdCULO CON CHOFER"},"content":{"rendered":"<p><strong>EXPTE. N\u00b0 3655-MD\/17 &#8211;\u00a0<\/strong> <strong>CONTRATACI\u00d3N DE UN (01) VEH\u00cdCULO CON CHOFER<\/strong>, A FIN DE PRESTAR SERVICIO EN LA \u00d3RBITA DE LA SUBSECRETARIA DE POL\u00cdTICAS DE ADULTO MAYOR DE LA CIUDAD DE R\u00cdO GRANDE. EL MISMO DESARROLLAR\u00c1 TAREAS DE CHOFER CON VEH\u00cdCULO EN EL MARCO DE LA IMPLEMENTACI\u00d3N DE MODALIDAD DE ABORDAJE DE LA TEM\u00c1TICA DEL ADULTO MAYOR,CRE\u00c1NDOSE PARA ELLO NUEVOS DISPOSITIVOS\u00a0 DE CAR\u00c1CTER ALTERNATIVO Y COMPLEMENTARIO A LA MODALIDAD HOGAR DE D\u00cdA, POR EL PER\u00cdODO DE DOCE (12) MESES.<\/p>\n","protected":false},"excerpt":{"rendered":"<p>EXPTE. N\u00b0 3655-MD\/17 &#8211;\u00a0 CONTRATACI\u00d3N DE UN (01) VEH\u00cdCULO CON CHOFER, A FIN DE PRESTAR SERVICIO EN LA \u00d3RBITA DE LA SUBSECRETARIA DE POL\u00cdTICAS DE ADULTO MAYOR DE LA CIUDAD DE R\u00cdO GRANDE. EL MISMO DESARROLLAR\u00c1 TAREAS DE CHOFER CON VEH\u00cdCULO EN EL MARCO DE LA IMPLEMENTACI\u00d3N DE MODALIDAD DE ABORDAJE DE LA TEM\u00c1TICA DEL [&hellip;]<\/p>\n","protected":false},"author":1,"featured_media":0,"comment_status":"open","ping_status":"open","sticky":false,"template":"","format":"standard","meta":{"footnotes":""},"categories":[3,130,11],"tags":[],"class_list":["post-15783","post","type-post","status-publish","format-standard","hentry","category-compras","category-desarrollo-social","category-directa"],"_links":{"self":[{"href":"https:\/\/compras.tierradelfuego.gob.ar\/index.php?rest_route=\/wp\/v2\/posts\/15783","targetHints":{"allow":["GET"]}}],"collection":[{"href":"https:\/\/compras.tierradelfuego.gob.ar\/index.php?rest_route=\/wp\/v2\/posts"}],"about":[{"href":"https:\/\/compras.tierradelfuego.gob.ar\/index.php?rest_route=\/wp\/v2\/types\/post"}],"author":[{"embeddable":true,"href":"https:\/\/compras.tierradelfuego.gob.ar\/index.php?rest_route=\/wp\/v2\/users\/1"}],"replies":[{"embeddable":true,"href":"https:\/\/compras.tierradelfuego.gob.ar\/index.php?rest_route=%2Fwp%2Fv2%2Fcomments&post=15783"}],"version-history":[{"count":0,"href":"https:\/\/compras.tierradelfuego.gob.ar\/index.php?rest_route=\/wp\/v2\/posts\/15783\/revisions"}],"wp:attachment":[{"href":"https:\/\/compras.tierradelfuego.gob.ar\/index.php?rest_route=%2Fwp%2Fv2%2Fmedia&parent=15783"}],"wp:term":[{"taxonomy":"category","embeddable":true,"href":"https:\/\/compras.tierradelfuego.gob.ar\/index.php?rest_route=%2Fwp%2Fv2%2Fcategories&post=15783"},{"taxonomy":"post_tag","embeddable":true,"href":"https:\/\/compras.tierradelfuego.gob.ar\/index.php?rest_route=%2Fwp%2Fv2%2Ftags&post=15783"}],"curies":[{"name":"wp","href":"https:\/\/api.w.org\/{rel}","templated":true}]}}