{"id":155775,"date":"2023-04-11T12:34:18","date_gmt":"2023-04-11T15:34:18","guid":{"rendered":"https:\/\/compras.tierradelfuego.gob.ar\/?p=155775"},"modified":"2023-04-11T12:37:07","modified_gmt":"2023-04-11T15:37:07","slug":"pre-adjudicacion-compra-directa-n-11-2023-raf-125-referente-a-la-contratacion-de-un-seguro-de-responsabilidad-civil-destinado-a-la-cobertura-del-tendido-de-fibra-optica-a-llevarse-a-cabo-en-el-e","status":"publish","type":"post","link":"https:\/\/compras.tierradelfuego.gob.ar\/?p=155775","title":{"rendered":"PRE ADJUDICACI\u00d3N COMPRA DIRECTA N\u00b0 11\/2023 RAF 125 REFERENTE A LA CONTRATACI\u00d3N DE UN SEGURO DE RESPONSABILIDAD CIVIL DESTINADO A LA COBERTURA DEL TENDIDO DE FIBRA \u00d3PTICA A LLEVARSE A CABO EN EL EJIDO URBANO DE LA CIUDAD DE USHUAIA, SOLICITADOS POR LA SECRETAR\u00cdA DE TECNOLOG\u00cdAS DE LA INFORMACI\u00d3N Y LAS COMUNICACIONES DEPENDIENTE DE LA SECRETAR\u00cdA GENERAL, LEGAL Y T\u00c9CNICA , EN LOS T\u00c9RMINOS ESTABLECIDOS EN EL INCISO L) DEL ART\u00cdCULO 18 DE LA LEY PROVINCIAL N\u00b0 1015."},"content":{"rendered":"<p><strong>PREADJUDICACI\u00d3N\u00a0COMPRA DIRECTA N\u00b0 11\/2023 RAF 125<\/strong>\u00a0REFERENTE\u00a0A\u00a0LA CONTRATACI\u00d3N DE UN SEGURO DE RESPONSABILIDAD CIVIL DESTINADO A LA COBERTURA DEL TENDIDO DE FIBRA \u00d3PTICA A LLEVARSE A CABO EN EL EJIDO URBANO DE LA CIUDAD DE USHUAIA, SOLICITADOS POR LA SECRETAR\u00cdA\u00a0DE TECNOLOG\u00cdAS DE LA INFORMACI\u00d3N Y LAS COMUNICACIONES\u00a0DEPENDIENTE DE LA SECRETAR\u00cdA GENERAL, LEGAL Y T\u00c9CNICA\u00a0,\u00a0EN LOS T\u00c9RMINOS ESTABLECIDOS EN EL INCISO L) DEL ART\u00cdCULO 18 DE LA LEY PROVINCIAL N\u00b0 1015.<\/p>\n<p>&nbsp;<\/p>\n<p><a href=\"https:\/\/compras.tierradelfuego.gob.ar\/wp-content\/uploads\/2023\/04\/planilla-preadjudicacion-80400.pdf\">planilla preadjudicaci\u00f3n 80400<\/a><\/p>\n<p>&nbsp;<\/p>\n<p>&nbsp;<\/p>\n","protected":false},"excerpt":{"rendered":"<p>PREADJUDICACI\u00d3N\u00a0COMPRA DIRECTA N\u00b0 11\/2023 RAF 125\u00a0REFERENTE\u00a0A\u00a0LA CONTRATACI\u00d3N DE UN SEGURO DE RESPONSABILIDAD CIVIL DESTINADO A LA COBERTURA DEL TENDIDO DE FIBRA \u00d3PTICA A LLEVARSE A CABO EN EL EJIDO URBANO DE LA CIUDAD DE USHUAIA, SOLICITADOS POR LA SECRETAR\u00cdA\u00a0DE TECNOLOG\u00cdAS DE LA INFORMACI\u00d3N Y LAS COMUNICACIONES\u00a0DEPENDIENTE DE LA SECRETAR\u00cdA GENERAL, LEGAL Y T\u00c9CNICA\u00a0,\u00a0EN LOS T\u00c9RMINOS [&hellip;]<\/p>\n","protected":false},"author":17,"featured_media":0,"comment_status":"open","ping_status":"open","sticky":false,"template":"","format":"standard","meta":{"footnotes":""},"categories":[3,6,11,184,34],"tags":[],"class_list":["post-155775","post","type-post","status-publish","format-standard","hentry","category-compras","category-descargar","category-directa","category-preadjudicadas","category-secretaria-de-legal-y-tecnica"],"_links":{"self":[{"href":"https:\/\/compras.tierradelfuego.gob.ar\/index.php?rest_route=\/wp\/v2\/posts\/155775","targetHints":{"allow":["GET"]}}],"collection":[{"href":"https:\/\/compras.tierradelfuego.gob.ar\/index.php?rest_route=\/wp\/v2\/posts"}],"about":[{"href":"https:\/\/compras.tierradelfuego.gob.ar\/index.php?rest_route=\/wp\/v2\/types\/post"}],"author":[{"embeddable":true,"href":"https:\/\/compras.tierradelfuego.gob.ar\/index.php?rest_route=\/wp\/v2\/users\/17"}],"replies":[{"embeddable":true,"href":"https:\/\/compras.tierradelfuego.gob.ar\/index.php?rest_route=%2Fwp%2Fv2%2Fcomments&post=155775"}],"version-history":[{"count":0,"href":"https:\/\/compras.tierradelfuego.gob.ar\/index.php?rest_route=\/wp\/v2\/posts\/155775\/revisions"}],"wp:attachment":[{"href":"https:\/\/compras.tierradelfuego.gob.ar\/index.php?rest_route=%2Fwp%2Fv2%2Fmedia&parent=155775"}],"wp:term":[{"taxonomy":"category","embeddable":true,"href":"https:\/\/compras.tierradelfuego.gob.ar\/index.php?rest_route=%2Fwp%2Fv2%2Fcategories&post=155775"},{"taxonomy":"post_tag","embeddable":true,"href":"https:\/\/compras.tierradelfuego.gob.ar\/index.php?rest_route=%2Fwp%2Fv2%2Ftags&post=155775"}],"curies":[{"name":"wp","href":"https:\/\/api.w.org\/{rel}","templated":true}]}}