{"id":154390,"date":"2023-03-30T12:50:52","date_gmt":"2023-03-30T15:50:52","guid":{"rendered":"https:\/\/compras.tierradelfuego.gob.ar\/?p=154390"},"modified":"2023-03-30T12:50:52","modified_gmt":"2023-03-30T15:50:52","slug":"contratacion-directa-n-04-2023-raf-512-tramitado-mediante-expediente-meccyt-e-18546-2023-s-contrato-de-locacion-idoneo-del-sr-monteros-hugo-roberto-d-n-i-n-32-412-810","status":"publish","type":"post","link":"https:\/\/compras.tierradelfuego.gob.ar\/?p=154390","title":{"rendered":"CONTRATACI\u00d3N DIRECTA N\u00b0 04\/2023 RAF -512 TRAMITADO MEDIANTE EXPEDIENTE MECCYT-E-18546-2023 \u00ab-S\/CONTRATO DE LOCACI\u00d3N ID\u00d3NEO DEL SR. MONTEROS, HUGO ROBERTO D.N.I. N\u00b0 32.412.810\u00bb."},"content":{"rendered":"<p>CONTRATACI\u00d3N DIRECTA N\u00b0 04\/2023 RAF -512 TRAMITADO MEDIANTE EXPEDIENTE MECCYT-E-18546-2023 \u00ab-S\/CONTRATO DE LOCACI\u00d3N ID\u00d3NEO DEL SR. MONTEROS, HUGO ROBERTO D.N.I. N\u00b0 32.412.810\u00bb.<\/p>\n<p>SE HACE SABER QUE EL PLAZO PARA LA PRESENTACI\u00d3N SER\u00c1 HASTA EL D\u00cdA\u00a0MARTES\u00a004 DE ABRIL\u00a0DE 2023 A LAS 10 HORAS EN EL DOMICILIO DEL RECODO N\u00b0 2361 DE LA CIUDAD DE USHUAIA O V\u00cdA CORREO\u00a0ELECTR\u00d3NICO A\u00a0BBRIZUELA@TDF.EDU.AR<\/p>\n<p>&nbsp;<\/p>\n<p>&nbsp;<\/p>\n<p><a href=\"https:\/\/compras.tierradelfuego.gob.ar\/wp-content\/uploads\/2023\/03\/Disposicion-dgaf-66-montero.pdf\">Disposicion dgaf 66 montero<\/a><\/p>\n<p>&nbsp;<\/p>\n","protected":false},"excerpt":{"rendered":"<p>CONTRATACI\u00d3N DIRECTA N\u00b0 04\/2023 RAF -512 TRAMITADO MEDIANTE EXPEDIENTE MECCYT-E-18546-2023 \u00ab-S\/CONTRATO DE LOCACI\u00d3N ID\u00d3NEO DEL SR. MONTEROS, HUGO ROBERTO D.N.I. N\u00b0 32.412.810\u00bb. SE HACE SABER QUE EL PLAZO PARA LA PRESENTACI\u00d3N SER\u00c1 HASTA EL D\u00cdA\u00a0MARTES\u00a004 DE ABRIL\u00a0DE 2023 A LAS 10 HORAS EN EL DOMICILIO DEL RECODO N\u00b0 2361 DE LA CIUDAD DE USHUAIA O [&hellip;]<\/p>\n","protected":false},"author":17,"featured_media":0,"comment_status":"open","ping_status":"open","sticky":false,"template":"","format":"standard","meta":{"footnotes":""},"categories":[3,6,11,22],"tags":[],"class_list":["post-154390","post","type-post","status-publish","format-standard","hentry","category-compras","category-descargar","category-directa","category-ministerio-de-educacion"],"_links":{"self":[{"href":"https:\/\/compras.tierradelfuego.gob.ar\/index.php?rest_route=\/wp\/v2\/posts\/154390","targetHints":{"allow":["GET"]}}],"collection":[{"href":"https:\/\/compras.tierradelfuego.gob.ar\/index.php?rest_route=\/wp\/v2\/posts"}],"about":[{"href":"https:\/\/compras.tierradelfuego.gob.ar\/index.php?rest_route=\/wp\/v2\/types\/post"}],"author":[{"embeddable":true,"href":"https:\/\/compras.tierradelfuego.gob.ar\/index.php?rest_route=\/wp\/v2\/users\/17"}],"replies":[{"embeddable":true,"href":"https:\/\/compras.tierradelfuego.gob.ar\/index.php?rest_route=%2Fwp%2Fv2%2Fcomments&post=154390"}],"version-history":[{"count":0,"href":"https:\/\/compras.tierradelfuego.gob.ar\/index.php?rest_route=\/wp\/v2\/posts\/154390\/revisions"}],"wp:attachment":[{"href":"https:\/\/compras.tierradelfuego.gob.ar\/index.php?rest_route=%2Fwp%2Fv2%2Fmedia&parent=154390"}],"wp:term":[{"taxonomy":"category","embeddable":true,"href":"https:\/\/compras.tierradelfuego.gob.ar\/index.php?rest_route=%2Fwp%2Fv2%2Fcategories&post=154390"},{"taxonomy":"post_tag","embeddable":true,"href":"https:\/\/compras.tierradelfuego.gob.ar\/index.php?rest_route=%2Fwp%2Fv2%2Ftags&post=154390"}],"curies":[{"name":"wp","href":"https:\/\/api.w.org\/{rel}","templated":true}]}}