{"id":15405,"date":"2017-08-02T17:32:21","date_gmt":"2017-08-02T17:32:21","guid":{"rendered":"http:\/\/compras.tierradelfuego.gov.ar\/?p=15405"},"modified":"2017-08-02T17:32:21","modified_gmt":"2017-08-02T17:32:21","slug":"compra-directa-n-65417-adquisicion-del-servicio-de-edicion-diseno-y-diagramacion","status":"publish","type":"post","link":"https:\/\/compras.tierradelfuego.gob.ar\/?p=15405","title":{"rendered":"COMPRA DIRECTA N\u00b0 654\/17 &#8211; ADQUISICI\u00d3N DEL SERVICIO DE EDICI\u00d3N, DISE\u00d1O Y DIAGRAMACI\u00d3N"},"content":{"rendered":"<p><strong>COMPRA DIRECTA N\u00b0 654\/17<\/strong>\u00a0&#8211; EXPTE. N\u00b0 18448-JG\/16 &#8211;\u00a0<strong>ADQUISICI\u00d3N DEL SERVICIO DE EDICI\u00d3N, DISE\u00d1O Y DIAGRAMACI\u00d3N<\/strong> DE LA OBRA TITULADA \u00abPRISIONEROS EN EL FIN DEL MUNDO\u00bb.<\/p>\n<p><strong>RECEPCI\u00d3N DE OFERTAS:<\/strong> HASTA EL 04\/08\/2017 A LAS 14:00 HS.<\/p>\n<p><strong>LUGAR DE PRESENTACI\u00d3N:<\/strong> SECRETARIA DE CULTURA &#8211; SAN MARTIN 512 &#8211; USHUAIA.<\/p>\n<p><a href=\"http:\/\/compras.tierradelfuego.gov.ar\/wp-content\/uploads\/2017\/08\/COMPRA-DIRECTA-N\u00b0-654-17.pdf\">DESCARGAR &#8211; COMPRA DIRECTA N\u00b0 654-17<\/a><\/p>\n","protected":false},"excerpt":{"rendered":"<p>COMPRA DIRECTA N\u00b0 654\/17\u00a0&#8211; EXPTE. N\u00b0 18448-JG\/16 &#8211;\u00a0ADQUISICI\u00d3N DEL SERVICIO DE EDICI\u00d3N, DISE\u00d1O Y DIAGRAMACI\u00d3N DE LA OBRA TITULADA \u00abPRISIONEROS EN EL FIN DEL MUNDO\u00bb. RECEPCI\u00d3N DE OFERTAS: HASTA EL 04\/08\/2017 A LAS 14:00 HS. LUGAR DE PRESENTACI\u00d3N: SECRETARIA DE CULTURA &#8211; SAN MARTIN 512 &#8211; USHUAIA. DESCARGAR &#8211; COMPRA DIRECTA N\u00b0 654-17<\/p>\n","protected":false},"author":1,"featured_media":0,"comment_status":"open","ping_status":"open","sticky":false,"template":"","format":"standard","meta":{"footnotes":""},"categories":[3,11,97],"tags":[],"class_list":["post-15405","post","type-post","status-publish","format-standard","hentry","category-compras","category-directa","category-secretaria-de-cultura"],"_links":{"self":[{"href":"https:\/\/compras.tierradelfuego.gob.ar\/index.php?rest_route=\/wp\/v2\/posts\/15405","targetHints":{"allow":["GET"]}}],"collection":[{"href":"https:\/\/compras.tierradelfuego.gob.ar\/index.php?rest_route=\/wp\/v2\/posts"}],"about":[{"href":"https:\/\/compras.tierradelfuego.gob.ar\/index.php?rest_route=\/wp\/v2\/types\/post"}],"author":[{"embeddable":true,"href":"https:\/\/compras.tierradelfuego.gob.ar\/index.php?rest_route=\/wp\/v2\/users\/1"}],"replies":[{"embeddable":true,"href":"https:\/\/compras.tierradelfuego.gob.ar\/index.php?rest_route=%2Fwp%2Fv2%2Fcomments&post=15405"}],"version-history":[{"count":0,"href":"https:\/\/compras.tierradelfuego.gob.ar\/index.php?rest_route=\/wp\/v2\/posts\/15405\/revisions"}],"wp:attachment":[{"href":"https:\/\/compras.tierradelfuego.gob.ar\/index.php?rest_route=%2Fwp%2Fv2%2Fmedia&parent=15405"}],"wp:term":[{"taxonomy":"category","embeddable":true,"href":"https:\/\/compras.tierradelfuego.gob.ar\/index.php?rest_route=%2Fwp%2Fv2%2Fcategories&post=15405"},{"taxonomy":"post_tag","embeddable":true,"href":"https:\/\/compras.tierradelfuego.gob.ar\/index.php?rest_route=%2Fwp%2Fv2%2Ftags&post=15405"}],"curies":[{"name":"wp","href":"https:\/\/api.w.org\/{rel}","templated":true}]}}