{"id":15164,"date":"2017-07-24T16:54:01","date_gmt":"2017-07-24T16:54:01","guid":{"rendered":"http:\/\/compras.tierradelfuego.gov.ar\/?p=15164"},"modified":"2017-07-24T16:54:01","modified_gmt":"2017-07-24T16:54:01","slug":"expte-n-13000-md17-contratacion-de-una-lic-en-trabajo-y-asistencia-social-como-docente-en-el-curso-teorico-practico-de-formacion-de-cuidadores-domiliciarios","status":"publish","type":"post","link":"https:\/\/compras.tierradelfuego.gob.ar\/?p=15164","title":{"rendered":"Expte N\u00b0 13000-md\/17 &#8211; Contratacion de un\/a Lic. en Trabajo y Asistencia Social, como docente en el Curso Te\u00f3rico &#8211; Pr\u00e1ctico de Formaci\u00f3n de Cuidadores Domiliciarios"},"content":{"rendered":"<p>Expte N\u00b0 13000-md\/17 &#8211; <strong>Contratacion de un\/a Lic. en Trabajo y Asistencia Social, como docente en el Curso Te\u00f3rico &#8211; Pr\u00e1ctico de Formaci\u00f3n de Cuidadores Domiliciarios<\/strong> -Ushuaia, a cargo de la Subsecretaria de Pol\u00edticas del Adulto Mayor del Ministerio de Desarrollo Social, con la finalidad de capacitar personas de la comunidad para brindar apoyo domiciliario a los adultos mayores, personas con discapacidad y enfermos cr\u00f3nicos o terminales, en situaci\u00f3n de riesgo social a fin de mejorar la calidad de los mismos; en el marco del PROGRAMA NACIONAL DE CUIDADORES DOMICILIARIOS &#8211; CURSO DE FORMACION, a dictarse en las instalaciones del Hogar de Dia \u00abYaven Tarenghs\u00bb de la Ciudad de Ushuaia con una carga horaria de ochenta y cinco horas y media \u00a0(85 1\/2) hora reloj.<\/p>\n","protected":false},"excerpt":{"rendered":"<p>Expte N\u00b0 13000-md\/17 &#8211; Contratacion de un\/a Lic. en Trabajo y Asistencia Social, como docente en el Curso Te\u00f3rico &#8211; Pr\u00e1ctico de Formaci\u00f3n de Cuidadores Domiliciarios -Ushuaia, a cargo de la Subsecretaria de Pol\u00edticas del Adulto Mayor del Ministerio de Desarrollo Social, con la finalidad de capacitar personas de la comunidad para brindar apoyo domiciliario [&hellip;]<\/p>\n","protected":false},"author":1,"featured_media":0,"comment_status":"open","ping_status":"open","sticky":false,"template":"","format":"standard","meta":{"footnotes":""},"categories":[3,130],"tags":[],"class_list":["post-15164","post","type-post","status-publish","format-standard","hentry","category-compras","category-desarrollo-social"],"_links":{"self":[{"href":"https:\/\/compras.tierradelfuego.gob.ar\/index.php?rest_route=\/wp\/v2\/posts\/15164","targetHints":{"allow":["GET"]}}],"collection":[{"href":"https:\/\/compras.tierradelfuego.gob.ar\/index.php?rest_route=\/wp\/v2\/posts"}],"about":[{"href":"https:\/\/compras.tierradelfuego.gob.ar\/index.php?rest_route=\/wp\/v2\/types\/post"}],"author":[{"embeddable":true,"href":"https:\/\/compras.tierradelfuego.gob.ar\/index.php?rest_route=\/wp\/v2\/users\/1"}],"replies":[{"embeddable":true,"href":"https:\/\/compras.tierradelfuego.gob.ar\/index.php?rest_route=%2Fwp%2Fv2%2Fcomments&post=15164"}],"version-history":[{"count":0,"href":"https:\/\/compras.tierradelfuego.gob.ar\/index.php?rest_route=\/wp\/v2\/posts\/15164\/revisions"}],"wp:attachment":[{"href":"https:\/\/compras.tierradelfuego.gob.ar\/index.php?rest_route=%2Fwp%2Fv2%2Fmedia&parent=15164"}],"wp:term":[{"taxonomy":"category","embeddable":true,"href":"https:\/\/compras.tierradelfuego.gob.ar\/index.php?rest_route=%2Fwp%2Fv2%2Fcategories&post=15164"},{"taxonomy":"post_tag","embeddable":true,"href":"https:\/\/compras.tierradelfuego.gob.ar\/index.php?rest_route=%2Fwp%2Fv2%2Ftags&post=15164"}],"curies":[{"name":"wp","href":"https:\/\/api.w.org\/{rel}","templated":true}]}}