{"id":151607,"date":"2023-03-13T15:27:59","date_gmt":"2023-03-13T18:27:59","guid":{"rendered":"https:\/\/compras.tierradelfuego.gob.ar\/?p=151607"},"modified":"2023-03-13T15:30:18","modified_gmt":"2023-03-13T18:30:18","slug":"adjudicacion-compra-directa-no-06-2023-raf-125-para-la-adquisicion-de-una-1-caldera-equipo-de-calefaccion-central-e-insumos-necesarios-para-el-reacondicionamiento-del-sistema-de-calefaccion-cen","status":"publish","type":"post","link":"https:\/\/compras.tierradelfuego.gob.ar\/?p=151607","title":{"rendered":"ADJUDICACI\u00d3N COMPRA DIRECTA  N\u00ba 06\/2023 RAF 125, PARA  LA ADQUISICI\u00d3N DE UNA (1) CALDERA (EQUIPO DE CALEFACCI\u00d3N CENTRAL) E INSUMOS NECESARIOS PARA EL REACONDICIONAMIENTO DEL SISTEMA DE CALEFACCI\u00d3N CENTRAL DEL EDIFICIO GUBERNAMENTAL SOLICITADOS POR LA DIRECCI\u00d3N GENERAL DE MANTENIMIENTO DEPENDIENTE DE LA SECRETAR\u00cdA T\u00c9CNICA OPERATIVA DE LA SECRETAR\u00cdA GENERAL, LEGAL Y T\u00c9CNICA, EN LOS T\u00c9RMINOS ESTABLECIDOS EN EL INCISO L) DEL ART\u00cdCULO 18 DE LA LEY PROVINCIAL N\u00b0 1015, ADJUDICADA MEDIANTE RESOLUCI\u00d3N STO N\u00b0 09\/2023.-"},"content":{"rendered":"<p><strong>ADJUDICACI\u00d3N COMPRA DIRECTA\u00a0 N\u00ba 06\/2023 RAF 125<\/strong>, PARA\u00a0\u00a0LA ADQUISICI\u00d3N\u00a0DE UNA (1) CALDERA (EQUIPO DE CALEFACCI\u00d3N CENTRAL) E INSUMOS NECESARIOS PARA EL REACONDICIONAMIENTO DEL SISTEMA DE CALEFACCI\u00d3N CENTRAL DEL EDIFICIO GUBERNAMENTAL SOLICITADOS\u00a0POR LA DIRECCI\u00d3N GENERAL DE MANTENIMIENTO DEPENDIENTE DE LA SECRETAR\u00cdA T\u00c9CNICA OPERATIVA DE LA SECRETAR\u00cdA GENERAL, LEGAL Y T\u00c9CNICA, EN LOS T\u00c9RMINOS ESTABLECIDOS EN EL INCISO L) DEL ART\u00cdCULO 18 DE LA LEY PROVINCIAL N\u00b0 1015,\u00a0ADJUDICADA MEDIANTE\u00a0RESOLUCI\u00d3N STO N\u00b0 09\/2023.-<\/p>\n<p>&nbsp;<\/p>\n<p><a href=\"https:\/\/compras.tierradelfuego.gob.ar\/wp-content\/uploads\/2023\/03\/res.-s.t.o.-n-09-2023-EXPTE-11451.pdf\">Res. s.t.o. n 09-2023 EXPTE 11451<\/a><\/p>\n","protected":false},"excerpt":{"rendered":"<p>ADJUDICACI\u00d3N COMPRA DIRECTA\u00a0 N\u00ba 06\/2023 RAF 125, PARA\u00a0\u00a0LA ADQUISICI\u00d3N\u00a0DE UNA (1) CALDERA (EQUIPO DE CALEFACCI\u00d3N CENTRAL) E INSUMOS NECESARIOS PARA EL REACONDICIONAMIENTO DEL SISTEMA DE CALEFACCI\u00d3N CENTRAL DEL EDIFICIO GUBERNAMENTAL SOLICITADOS\u00a0POR LA DIRECCI\u00d3N GENERAL DE MANTENIMIENTO DEPENDIENTE DE LA SECRETAR\u00cdA T\u00c9CNICA OPERATIVA DE LA SECRETAR\u00cdA GENERAL, LEGAL Y T\u00c9CNICA, EN LOS T\u00c9RMINOS ESTABLECIDOS EN EL [&hellip;]<\/p>\n","protected":false},"author":17,"featured_media":0,"comment_status":"open","ping_status":"open","sticky":false,"template":"","format":"standard","meta":{"footnotes":""},"categories":[186,3,6,11,34],"tags":[],"class_list":["post-151607","post","type-post","status-publish","format-standard","hentry","category-adjudicadas","category-compras","category-descargar","category-directa","category-secretaria-de-legal-y-tecnica"],"_links":{"self":[{"href":"https:\/\/compras.tierradelfuego.gob.ar\/index.php?rest_route=\/wp\/v2\/posts\/151607","targetHints":{"allow":["GET"]}}],"collection":[{"href":"https:\/\/compras.tierradelfuego.gob.ar\/index.php?rest_route=\/wp\/v2\/posts"}],"about":[{"href":"https:\/\/compras.tierradelfuego.gob.ar\/index.php?rest_route=\/wp\/v2\/types\/post"}],"author":[{"embeddable":true,"href":"https:\/\/compras.tierradelfuego.gob.ar\/index.php?rest_route=\/wp\/v2\/users\/17"}],"replies":[{"embeddable":true,"href":"https:\/\/compras.tierradelfuego.gob.ar\/index.php?rest_route=%2Fwp%2Fv2%2Fcomments&post=151607"}],"version-history":[{"count":0,"href":"https:\/\/compras.tierradelfuego.gob.ar\/index.php?rest_route=\/wp\/v2\/posts\/151607\/revisions"}],"wp:attachment":[{"href":"https:\/\/compras.tierradelfuego.gob.ar\/index.php?rest_route=%2Fwp%2Fv2%2Fmedia&parent=151607"}],"wp:term":[{"taxonomy":"category","embeddable":true,"href":"https:\/\/compras.tierradelfuego.gob.ar\/index.php?rest_route=%2Fwp%2Fv2%2Fcategories&post=151607"},{"taxonomy":"post_tag","embeddable":true,"href":"https:\/\/compras.tierradelfuego.gob.ar\/index.php?rest_route=%2Fwp%2Fv2%2Ftags&post=151607"}],"curies":[{"name":"wp","href":"https:\/\/api.w.org\/{rel}","templated":true}]}}