{"id":14548,"date":"2017-06-28T19:44:00","date_gmt":"2017-06-28T19:44:00","guid":{"rendered":"http:\/\/compras.tierradelfuego.gov.ar\/?p=14548"},"modified":"2017-06-29T16:04:24","modified_gmt":"2017-06-29T16:04:24","slug":"compra-directa-49117-locacion-de-servicio-para-la-contratacion-de-un-camarografo-profesional-de-television","status":"publish","type":"post","link":"https:\/\/compras.tierradelfuego.gob.ar\/?p=14548","title":{"rendered":"COMPRA DIRECTA 491\/17 &#8211; LOCACI\u00d3N DE SERVICIO PARA LA CONTRATACI\u00d3N DE UN CAMAROGRAFO PROFESIONAL DE TELEVISI\u00d3N"},"content":{"rendered":"<p><strong>COMPRA DIRECTA 491\/17<\/strong> &#8211; EXPTE. 1561-JG\/17 &#8211; <strong>LOCACI\u00d3N DE SERVICIO PARA LA CONTRATACI\u00d3N DE UN CAMAROGRAFO PROFESIONAL DE TELEVISI\u00d3N<\/strong> PARA INTEGRAR UN EQUIPO DE PRODUCCI\u00d3N PARA LA ELABORACI\u00d3N DE UN NOTICIERO CULTURAL.<\/p>\n<p><strong>FECHA RECEPCI\u00d3N DE OFERTAS:<\/strong> HASTA EL D\u00cdA 14\/07\/2017 A LAS 12.00 HS.<\/p>\n<p><strong>LUGAR DE PRESENTACI\u00d3N:<\/strong> MAGALLANES 1310 &#8211; USHUAIA.<\/p>\n<p><strong>CONTACTO:<\/strong> (02901) 421398 Int. 219<\/p>\n<p><a href=\"http:\/\/compras.tierradelfuego.gov.ar\/wp-content\/uploads\/2017\/06\/COMPRA-DIRECTA-N\u00b0491-17.pdf\">DESCARGAR &#8211; COMPRA DIRECTA N\u00b0491-17<\/a><\/p>\n<p><a href=\"http:\/\/compras.tierradelfuego.gov.ar\/wp-content\/uploads\/2017\/06\/Bases-CD-491-17-h1.jpg\"><img loading=\"lazy\" decoding=\"async\" class=\"alignnone size-medium wp-image-14550\" src=\"http:\/\/compras.tierradelfuego.gov.ar\/wp-content\/uploads\/2017\/06\/Bases-CD-491-17-h1-300x300.jpg\" alt=\"DESCARGAR - Bases CD 491-17 h1\" width=\"300\" height=\"300\" srcset=\"https:\/\/compras.tierradelfuego.gob.ar\/wp-content\/uploads\/2017\/06\/Bases-CD-491-17-h1-300x300.jpg 300w, https:\/\/compras.tierradelfuego.gob.ar\/wp-content\/uploads\/2017\/06\/Bases-CD-491-17-h1-150x150.jpg 150w, https:\/\/compras.tierradelfuego.gob.ar\/wp-content\/uploads\/2017\/06\/Bases-CD-491-17-h1-1024x1024.jpg 1024w\" sizes=\"auto, (max-width: 300px) 100vw, 300px\" \/><\/a><\/p>\n<p><a href=\"http:\/\/compras.tierradelfuego.gov.ar\/wp-content\/uploads\/2017\/06\/Bases-CD-491-17-h2.jpg\"><img loading=\"lazy\" decoding=\"async\" class=\"alignnone size-medium wp-image-14551\" src=\"http:\/\/compras.tierradelfuego.gov.ar\/wp-content\/uploads\/2017\/06\/Bases-CD-491-17-h2-300x300.jpg\" alt=\"DESCARGAR - Bases CD 491-17 h2\" width=\"300\" height=\"300\" srcset=\"https:\/\/compras.tierradelfuego.gob.ar\/wp-content\/uploads\/2017\/06\/Bases-CD-491-17-h2-300x300.jpg 300w, https:\/\/compras.tierradelfuego.gob.ar\/wp-content\/uploads\/2017\/06\/Bases-CD-491-17-h2-150x150.jpg 150w, https:\/\/compras.tierradelfuego.gob.ar\/wp-content\/uploads\/2017\/06\/Bases-CD-491-17-h2-1024x1024.jpg 1024w\" sizes=\"auto, (max-width: 300px) 100vw, 300px\" \/><\/a><\/p>\n","protected":false},"excerpt":{"rendered":"<p>COMPRA DIRECTA 491\/17 &#8211; EXPTE. 1561-JG\/17 &#8211; LOCACI\u00d3N DE SERVICIO PARA LA CONTRATACI\u00d3N DE UN CAMAROGRAFO PROFESIONAL DE TELEVISI\u00d3N PARA INTEGRAR UN EQUIPO DE PRODUCCI\u00d3N PARA LA ELABORACI\u00d3N DE UN NOTICIERO CULTURAL. FECHA RECEPCI\u00d3N DE OFERTAS: HASTA EL D\u00cdA 14\/07\/2017 A LAS 12.00 HS. LUGAR DE PRESENTACI\u00d3N: MAGALLANES 1310 &#8211; USHUAIA. CONTACTO: (02901) 421398 Int. [&hellip;]<\/p>\n","protected":false},"author":1,"featured_media":0,"comment_status":"open","ping_status":"open","sticky":false,"template":"","format":"standard","meta":{"footnotes":""},"categories":[3,11,110],"tags":[],"class_list":["post-14548","post","type-post","status-publish","format-standard","hentry","category-compras","category-directa","category-lu-87-tv-canal-11-ush"],"_links":{"self":[{"href":"https:\/\/compras.tierradelfuego.gob.ar\/index.php?rest_route=\/wp\/v2\/posts\/14548","targetHints":{"allow":["GET"]}}],"collection":[{"href":"https:\/\/compras.tierradelfuego.gob.ar\/index.php?rest_route=\/wp\/v2\/posts"}],"about":[{"href":"https:\/\/compras.tierradelfuego.gob.ar\/index.php?rest_route=\/wp\/v2\/types\/post"}],"author":[{"embeddable":true,"href":"https:\/\/compras.tierradelfuego.gob.ar\/index.php?rest_route=\/wp\/v2\/users\/1"}],"replies":[{"embeddable":true,"href":"https:\/\/compras.tierradelfuego.gob.ar\/index.php?rest_route=%2Fwp%2Fv2%2Fcomments&post=14548"}],"version-history":[{"count":0,"href":"https:\/\/compras.tierradelfuego.gob.ar\/index.php?rest_route=\/wp\/v2\/posts\/14548\/revisions"}],"wp:attachment":[{"href":"https:\/\/compras.tierradelfuego.gob.ar\/index.php?rest_route=%2Fwp%2Fv2%2Fmedia&parent=14548"}],"wp:term":[{"taxonomy":"category","embeddable":true,"href":"https:\/\/compras.tierradelfuego.gob.ar\/index.php?rest_route=%2Fwp%2Fv2%2Fcategories&post=14548"},{"taxonomy":"post_tag","embeddable":true,"href":"https:\/\/compras.tierradelfuego.gob.ar\/index.php?rest_route=%2Fwp%2Fv2%2Ftags&post=14548"}],"curies":[{"name":"wp","href":"https:\/\/api.w.org\/{rel}","templated":true}]}}