{"id":145337,"date":"2023-01-30T09:04:25","date_gmt":"2023-01-30T12:04:25","guid":{"rendered":"https:\/\/compras.tierradelfuego.gob.ar\/?p=145337"},"modified":"2023-01-30T14:40:55","modified_gmt":"2023-01-30T17:40:55","slug":"adjudicacion-contratacion-directa-por-adjudicacion-simple-no-43-22-raf-23","status":"publish","type":"post","link":"https:\/\/compras.tierradelfuego.gob.ar\/?p=145337","title":{"rendered":"ADJUDICACI\u00d3N &#8211;  CONTRATACI\u00d3N DIRECTA POR ADJUDICACI\u00d3N SIMPLE N\u00ba 4\/22 RAF 23"},"content":{"rendered":"<p>ADJUDICACI\u00d3N CONTRATACI\u00d3N DIRECTA POR ADJUDICACI\u00d3N SIMPLE N\u00ba 4\/22 RAF 23<\/p>\n<p>EXPEDIENTE: N\u00ba 2929\/22<\/p>\n<p>DIFUSI\u00d3N: ADJUDICACI\u00d3N &#8211; RESOLUCI\u00d3N I.P.V. Y H. N\u00ba 196\/23<\/p>\n<p>OBJETO:\u00a0CONTRATACI\u00d3N, DE LA LIC. EN CIENCIAS SOCIALES Y HUMANIDADES, CLAUDIA MARIANA GRANJA<\/p>\n<p>&nbsp;<\/p>\n<p><a href=\"https:\/\/compras.tierradelfuego.gob.ar\/wp-content\/uploads\/2023\/01\/resolucion-autorizar-gasto-y-contratacion-lic-granja-mariana.pdf\">Resolucion autorizar gasto y contratacion lic granja mariana<\/a><\/p>\n<p>&nbsp;<\/p>\n","protected":false},"excerpt":{"rendered":"<p>ADJUDICACI\u00d3N CONTRATACI\u00d3N DIRECTA POR ADJUDICACI\u00d3N SIMPLE N\u00ba 4\/22 RAF 23 EXPEDIENTE: N\u00ba 2929\/22 DIFUSI\u00d3N: ADJUDICACI\u00d3N &#8211; RESOLUCI\u00d3N I.P.V. Y H. N\u00ba 196\/23 OBJETO:\u00a0CONTRATACI\u00d3N, DE LA LIC. EN CIENCIAS SOCIALES Y HUMANIDADES, CLAUDIA MARIANA GRANJA &nbsp; Resolucion autorizar gasto y contratacion lic granja mariana &nbsp;<\/p>\n","protected":false},"author":17,"featured_media":0,"comment_status":"open","ping_status":"open","sticky":false,"template":"","format":"standard","meta":{"footnotes":""},"categories":[186,3,6,11,16],"tags":[],"class_list":["post-145337","post","type-post","status-publish","format-standard","hentry","category-adjudicadas","category-compras","category-descargar","category-directa","category-instituto-provincial-de-la-vivienda-ipv"],"_links":{"self":[{"href":"https:\/\/compras.tierradelfuego.gob.ar\/index.php?rest_route=\/wp\/v2\/posts\/145337","targetHints":{"allow":["GET"]}}],"collection":[{"href":"https:\/\/compras.tierradelfuego.gob.ar\/index.php?rest_route=\/wp\/v2\/posts"}],"about":[{"href":"https:\/\/compras.tierradelfuego.gob.ar\/index.php?rest_route=\/wp\/v2\/types\/post"}],"author":[{"embeddable":true,"href":"https:\/\/compras.tierradelfuego.gob.ar\/index.php?rest_route=\/wp\/v2\/users\/17"}],"replies":[{"embeddable":true,"href":"https:\/\/compras.tierradelfuego.gob.ar\/index.php?rest_route=%2Fwp%2Fv2%2Fcomments&post=145337"}],"version-history":[{"count":0,"href":"https:\/\/compras.tierradelfuego.gob.ar\/index.php?rest_route=\/wp\/v2\/posts\/145337\/revisions"}],"wp:attachment":[{"href":"https:\/\/compras.tierradelfuego.gob.ar\/index.php?rest_route=%2Fwp%2Fv2%2Fmedia&parent=145337"}],"wp:term":[{"taxonomy":"category","embeddable":true,"href":"https:\/\/compras.tierradelfuego.gob.ar\/index.php?rest_route=%2Fwp%2Fv2%2Fcategories&post=145337"},{"taxonomy":"post_tag","embeddable":true,"href":"https:\/\/compras.tierradelfuego.gob.ar\/index.php?rest_route=%2Fwp%2Fv2%2Ftags&post=145337"}],"curies":[{"name":"wp","href":"https:\/\/api.w.org\/{rel}","templated":true}]}}