{"id":14457,"date":"2017-06-26T14:49:17","date_gmt":"2017-06-26T14:49:17","guid":{"rendered":"http:\/\/compras.tierradelfuego.gov.ar\/?p=14457"},"modified":"2017-06-26T14:56:50","modified_gmt":"2017-06-26T14:56:50","slug":"licitacion-privada-n-1417-contratacion-del-servicio-tecnico-de-seguridad-e-higiene-en-el-trabajo","status":"publish","type":"post","link":"https:\/\/compras.tierradelfuego.gob.ar\/?p=14457","title":{"rendered":"LICITACI\u00d3N PRIVADA N\u00b0 14\/17 &#8211; CONTRATACI\u00d3N DEL SERVICIO T\u00c9CNICO DE SEGURIDAD E HIGIENE EN EL TRABAJO"},"content":{"rendered":"<p><strong>LICITACI\u00d3N PRIVADA N\u00b0 14\/17<\/strong> &#8211; EXPTE. 1981\/16 &#8211; <strong>CONTRATACI\u00d3N DEL SERVICIO T\u00c9CNICO DE SEGURIDAD E HIGIENE EN EL TRABAJO<\/strong><\/p>\n<p><strong>FECHA DE RECEPCI\u00d3N DE OFERTAS: <\/strong>HASTA EL D\u00cdA 07\/07\/2017 A LAS 11:00 HS.<\/p>\n<p><strong>LUGAR DE PRESENTACI\u00d3N: <\/strong>MESA DE ENTRADAS Y SALIDAS DEL I.P.V. &#8211; SITO EN CALLE FRANCISCO GONZALEZ 651 &#8211; USHUAIA.<\/p>\n<p><strong>FECHA DE APERTURA:\u00a0<\/strong>07\/07\/2017 A LAS 12:00 HS.<\/p>\n<p><strong>CONTACTO:<\/strong> (02901) 422-283 Interno 1113<\/p>\n<p><a href=\"http:\/\/compras.tierradelfuego.gov.ar\/wp-content\/uploads\/2017\/06\/LICITACION-PRIVADA-N\u00ba-14-17-SEGURIDAD-E-HIGIENE.pdf\">DESCARGAR &#8211; LICITACION PRIVADA N\u00ba 14-17 SEGURIDAD E HIGIENE<\/a><\/p>\n<p><a href=\"http:\/\/compras.tierradelfuego.gov.ar\/wp-content\/uploads\/2017\/06\/Resolucion-1587-17.pdf\">DESCARGAR &#8211; Resolucion 1587-17<\/a><\/p>\n<p>&nbsp;<\/p>\n","protected":false},"excerpt":{"rendered":"<p>LICITACI\u00d3N PRIVADA N\u00b0 14\/17 &#8211; EXPTE. 1981\/16 &#8211; CONTRATACI\u00d3N DEL SERVICIO T\u00c9CNICO DE SEGURIDAD E HIGIENE EN EL TRABAJO FECHA DE RECEPCI\u00d3N DE OFERTAS: HASTA EL D\u00cdA 07\/07\/2017 A LAS 11:00 HS. LUGAR DE PRESENTACI\u00d3N: MESA DE ENTRADAS Y SALIDAS DEL I.P.V. &#8211; SITO EN CALLE FRANCISCO GONZALEZ 651 &#8211; USHUAIA. FECHA DE APERTURA:\u00a007\/07\/2017 A [&hellip;]<\/p>\n","protected":false},"author":1,"featured_media":0,"comment_status":"open","ping_status":"open","sticky":false,"template":"","format":"standard","meta":{"footnotes":""},"categories":[16,18],"tags":[],"class_list":["post-14457","post","type-post","status-publish","format-standard","hentry","category-instituto-provincial-de-la-vivienda-ipv","category-licitacion-privada"],"_links":{"self":[{"href":"https:\/\/compras.tierradelfuego.gob.ar\/index.php?rest_route=\/wp\/v2\/posts\/14457","targetHints":{"allow":["GET"]}}],"collection":[{"href":"https:\/\/compras.tierradelfuego.gob.ar\/index.php?rest_route=\/wp\/v2\/posts"}],"about":[{"href":"https:\/\/compras.tierradelfuego.gob.ar\/index.php?rest_route=\/wp\/v2\/types\/post"}],"author":[{"embeddable":true,"href":"https:\/\/compras.tierradelfuego.gob.ar\/index.php?rest_route=\/wp\/v2\/users\/1"}],"replies":[{"embeddable":true,"href":"https:\/\/compras.tierradelfuego.gob.ar\/index.php?rest_route=%2Fwp%2Fv2%2Fcomments&post=14457"}],"version-history":[{"count":0,"href":"https:\/\/compras.tierradelfuego.gob.ar\/index.php?rest_route=\/wp\/v2\/posts\/14457\/revisions"}],"wp:attachment":[{"href":"https:\/\/compras.tierradelfuego.gob.ar\/index.php?rest_route=%2Fwp%2Fv2%2Fmedia&parent=14457"}],"wp:term":[{"taxonomy":"category","embeddable":true,"href":"https:\/\/compras.tierradelfuego.gob.ar\/index.php?rest_route=%2Fwp%2Fv2%2Fcategories&post=14457"},{"taxonomy":"post_tag","embeddable":true,"href":"https:\/\/compras.tierradelfuego.gob.ar\/index.php?rest_route=%2Fwp%2Fv2%2Ftags&post=14457"}],"curies":[{"name":"wp","href":"https:\/\/api.w.org\/{rel}","templated":true}]}}