{"id":143567,"date":"2023-01-09T10:52:35","date_gmt":"2023-01-09T13:52:35","guid":{"rendered":"https:\/\/compras.tierradelfuego.gob.ar\/?p=143567"},"modified":"2023-01-09T10:53:27","modified_gmt":"2023-01-09T13:53:27","slug":"acta-de-preadjudicacion-licitacion-privada-no-54-2022-expte-mosp-e-73447-22-objeto-provision-e-instalacion-de-sistema-de-iluminacion-exterior-casa-de-gobierno","status":"publish","type":"post","link":"https:\/\/compras.tierradelfuego.gob.ar\/?p=143567","title":{"rendered":"ACTA\u00a0DE PREADJUDICACI\u00d3N. LICITACION PRIVADA N\u00ba 54\/2022 &#8211; EXPTE MOSP\u2013E\u201373447\/22.  OBJETO:\u00a0PROVISI\u00d3N E INSTALACI\u00d3N DE SISTEMA DE ILUMINACI\u00d3N EXTERIOR CASA DE GOBIERNO.\u00a0"},"content":{"rendered":"<p><strong>DIFUSI\u00d3N\u00a0<\/strong>ACTA\u00a0DE PREADJUDICACI\u00d3N<\/p>\n<p><b>LICITACI\u00d3N<\/b><strong>\u00a0PRIVADA N\u00ba 54\/2022 &#8211; EXPTE MOSP\u2013E\u201373447\/22.<\/strong><\/p>\n<p><strong>OBJETO:\u00a0<\/strong>PROVISI\u00d3N E INSTALACI\u00d3N DE SISTEMA DE ILUMINACI\u00d3N EXTERIOR CASA DE GOBIERNO.<strong>\u00a0<\/strong><\/p>\n<p><strong><a href=\"https:\/\/compras.tierradelfuego.gob.ar\/wp-content\/uploads\/2023\/01\/Anuncio-73447-22-iluminacion-casa-de-gob.pdf\">Anuncio 73447-22 iluminacion casa de gob<\/a><\/strong><\/p>\n","protected":false},"excerpt":{"rendered":"<p>DIFUSI\u00d3N\u00a0ACTA\u00a0DE PREADJUDICACI\u00d3N LICITACI\u00d3N\u00a0PRIVADA N\u00ba 54\/2022 &#8211; EXPTE MOSP\u2013E\u201373447\/22. OBJETO:\u00a0PROVISI\u00d3N E INSTALACI\u00d3N DE SISTEMA DE ILUMINACI\u00d3N EXTERIOR CASA DE GOBIERNO.\u00a0 Anuncio 73447-22 iluminacion casa de gob<\/p>\n","protected":false},"author":20,"featured_media":0,"comment_status":"open","ping_status":"open","sticky":false,"template":"","format":"standard","meta":{"footnotes":""},"categories":[189,3,18,129],"tags":[],"class_list":["post-143567","post","type-post","status-publish","format-standard","hentry","category-adjudicadas-lpr","category-compras","category-licitacion-privada","category-ministerio-de-obras-y-serv-publicos"],"_links":{"self":[{"href":"https:\/\/compras.tierradelfuego.gob.ar\/index.php?rest_route=\/wp\/v2\/posts\/143567","targetHints":{"allow":["GET"]}}],"collection":[{"href":"https:\/\/compras.tierradelfuego.gob.ar\/index.php?rest_route=\/wp\/v2\/posts"}],"about":[{"href":"https:\/\/compras.tierradelfuego.gob.ar\/index.php?rest_route=\/wp\/v2\/types\/post"}],"author":[{"embeddable":true,"href":"https:\/\/compras.tierradelfuego.gob.ar\/index.php?rest_route=\/wp\/v2\/users\/20"}],"replies":[{"embeddable":true,"href":"https:\/\/compras.tierradelfuego.gob.ar\/index.php?rest_route=%2Fwp%2Fv2%2Fcomments&post=143567"}],"version-history":[{"count":0,"href":"https:\/\/compras.tierradelfuego.gob.ar\/index.php?rest_route=\/wp\/v2\/posts\/143567\/revisions"}],"wp:attachment":[{"href":"https:\/\/compras.tierradelfuego.gob.ar\/index.php?rest_route=%2Fwp%2Fv2%2Fmedia&parent=143567"}],"wp:term":[{"taxonomy":"category","embeddable":true,"href":"https:\/\/compras.tierradelfuego.gob.ar\/index.php?rest_route=%2Fwp%2Fv2%2Fcategories&post=143567"},{"taxonomy":"post_tag","embeddable":true,"href":"https:\/\/compras.tierradelfuego.gob.ar\/index.php?rest_route=%2Fwp%2Fv2%2Ftags&post=143567"}],"curies":[{"name":"wp","href":"https:\/\/api.w.org\/{rel}","templated":true}]}}