{"id":143064,"date":"2022-12-29T14:17:35","date_gmt":"2022-12-29T17:17:35","guid":{"rendered":"https:\/\/compras.tierradelfuego.gob.ar\/?p=143064"},"modified":"2022-12-29T14:18:57","modified_gmt":"2022-12-29T17:18:57","slug":"contratacion-directa-n-120-2022-expediente-2521-22-objeto-de-la-contratacion-compra-de-2-impresoras-multifuncion-ipvyh","status":"publish","type":"post","link":"https:\/\/compras.tierradelfuego.gob.ar\/?p=143064","title":{"rendered":"CONTRATACI\u00d3N DIRECTA N\u00b0 120\/2022 &#8211; EXPEDIENTE: 2521\/22.  OBJETO DE LA CONTRATACI\u00d3N: COMPRA DE 2 IMPRESORAS MULTIFUNCION. IPVYH."},"content":{"rendered":"<p>CONTRATACI\u00d3N DIRECTA N\u00b0 120\/2022 &#8211; <span style=\"font-size: 11.0pt; color: black;\">EXPEDIENTE: 2521\/22.<\/span><\/p>\n<p style=\"background: white;\"><span style=\"font-size: 11.0pt; color: black;\">OBJETO DE LA CONTRATACI\u00d3N: COMPRA DE 2 IMPRESORAS MULTIFUNCION.<\/span><\/p>\n<p style=\"background: white; font-variant-ligatures: normal; font-variant-caps: normal; orphans: 2; text-align: start; widows: 2; -webkit-text-stroke-width: 0px; text-decoration-thickness: initial; text-decoration-style: initial; text-decoration-color: initial; word-spacing: 0px;\"><span style=\"font-size: 11.0pt; color: black;\">\u00c1REA SOLICITANTE: CONTABLE.<\/span><\/p>\n<p style=\"background: white; font-variant-ligatures: normal; font-variant-caps: normal; orphans: 2; text-align: start; widows: 2; -webkit-text-stroke-width: 0px; text-decoration-thickness: initial; text-decoration-style: initial; text-decoration-color: initial; word-spacing: 0px;\"><span style=\"font-size: 11.0pt; color: black;\">FECHA Y HORA DE RECEPCI\u00d3N DE OFERTAS:\u00a0<\/span><span class=\"object\"><span style=\"font-size: 11.0pt; color: #005a95;\">05\/01\/2023\u00a0<\/span><\/span><span style=\"font-size: 11.0pt; color: black;\">A LAS 12:00 HS<\/span><\/p>\n<p style=\"background: white; font-variant-ligatures: normal; font-variant-caps: normal; orphans: 2; text-align: start; widows: 2; -webkit-text-stroke-width: 0px; text-decoration-thickness: initial; text-decoration-style: initial; text-decoration-color: initial; word-spacing: 0px;\"><span style=\"font-size: 11.0pt; color: black;\">LUGAR DE PRESENTACI\u00d3N:\u00a0<\/span><span class=\"object\"><span style=\"font-size: 11.0pt; color: #005a95;\"><a href=\"mailto:COMPRAS_USH@IPVTDF.GOV.AR\" target=\"_blank\" rel=\"noopener\"><span style=\"color: #005a95;\">COMPRAS_RGE@IPVTDF.GOV.AR<\/span><\/a><\/span><\/span><span style=\"font-size: 11.0pt; color: black;\">\u00a0O PELLEGRINI N\u00ba 511, DE LA CIUDAD DE RIO GRANDE.<\/span><\/p>\n<p style=\"background: white; font-variant-ligatures: normal; font-variant-caps: normal; orphans: 2; text-align: start; widows: 2; -webkit-text-stroke-width: 0px; text-decoration-thickness: initial; text-decoration-style: initial; text-decoration-color: initial; word-spacing: 0px;\"><span style=\"font-size: 11.0pt; color: black;\">LUGAR Y FECHA DE APERTURA: PELLEGRINI N\u00ba 511, RIO GRANDE\u00a0<\/span><span class=\"object\"><span style=\"font-size: 11.0pt; color: #005a95;\">05\/01\/2023\u00a0<\/span><\/span><span style=\"font-size: 11.0pt; color: black;\">A LAS 12:00HS HS<\/span><\/p>\n<p style=\"background: white; font-variant-ligatures: normal; font-variant-caps: normal; orphans: 2; text-align: start; widows: 2; -webkit-text-stroke-width: 0px; text-decoration-thickness: initial; text-decoration-style: initial; text-decoration-color: initial; word-spacing: 0px;\"><span style=\"font-size: 11.0pt; color: black;\">TEL\u00c9FONO Y\/O MAIL DE CONSULTA PARA PROVEEDORES:\u00a0<\/span><span class=\"object\"><span style=\"font-size: 11.0pt; color: #005a95;\"><a href=\"mailto:COMPRAS_USH@IPVTDF.GOV.AR\" target=\"_blank\" rel=\"noopener\"><span style=\"color: #005a95;\">COMPRAS_RGE@IPVTDF.GOV.AR<\/span><\/a><\/span><\/span><\/p>\n<p style=\"background: white; font-variant-ligatures: normal; font-variant-caps: normal; orphans: 2; text-align: start; widows: 2; -webkit-text-stroke-width: 0px; text-decoration-thickness: initial; text-decoration-style: initial; text-decoration-color: initial; word-spacing: 0px;\"><span style=\"font-size: 11.0pt; color: black;\">PRESUPUESTO OFICIAL: $ 608.304,00<\/span><\/p>\n<p style=\"background: white; font-variant-ligatures: normal; font-variant-caps: normal; orphans: 2; text-align: start; widows: 2; -webkit-text-stroke-width: 0px; text-decoration-thickness: initial; text-decoration-style: initial; text-decoration-color: initial; word-spacing: 0px;\"><a href=\"https:\/\/compras.tierradelfuego.gob.ar\/wp-content\/uploads\/2022\/12\/22-Solicitud-de-cotizacion-CD-120-22-CF.pdf\"><strong>Solicitud de cotizacion CD 120-22 CF<\/strong><\/a><\/p>\n","protected":false},"excerpt":{"rendered":"<p>CONTRATACI\u00d3N DIRECTA N\u00b0 120\/2022 &#8211; EXPEDIENTE: 2521\/22. OBJETO DE LA CONTRATACI\u00d3N: COMPRA DE 2 IMPRESORAS MULTIFUNCION. \u00c1REA SOLICITANTE: CONTABLE. FECHA Y HORA DE RECEPCI\u00d3N DE OFERTAS:\u00a005\/01\/2023\u00a0A LAS 12:00 HS LUGAR DE PRESENTACI\u00d3N:\u00a0COMPRAS_RGE@IPVTDF.GOV.AR\u00a0O PELLEGRINI N\u00ba 511, DE LA CIUDAD DE RIO GRANDE. LUGAR Y FECHA DE APERTURA: PELLEGRINI N\u00ba 511, RIO GRANDE\u00a005\/01\/2023\u00a0A LAS 12:00HS HS TEL\u00c9FONO [&hellip;]<\/p>\n","protected":false},"author":20,"featured_media":0,"comment_status":"open","ping_status":"open","sticky":false,"template":"","format":"standard","meta":{"footnotes":""},"categories":[3,185,11,16],"tags":[],"class_list":["post-143064","post","type-post","status-publish","format-standard","hentry","category-compras","category-con-apertura-proxima","category-directa","category-instituto-provincial-de-la-vivienda-ipv"],"_links":{"self":[{"href":"https:\/\/compras.tierradelfuego.gob.ar\/index.php?rest_route=\/wp\/v2\/posts\/143064","targetHints":{"allow":["GET"]}}],"collection":[{"href":"https:\/\/compras.tierradelfuego.gob.ar\/index.php?rest_route=\/wp\/v2\/posts"}],"about":[{"href":"https:\/\/compras.tierradelfuego.gob.ar\/index.php?rest_route=\/wp\/v2\/types\/post"}],"author":[{"embeddable":true,"href":"https:\/\/compras.tierradelfuego.gob.ar\/index.php?rest_route=\/wp\/v2\/users\/20"}],"replies":[{"embeddable":true,"href":"https:\/\/compras.tierradelfuego.gob.ar\/index.php?rest_route=%2Fwp%2Fv2%2Fcomments&post=143064"}],"version-history":[{"count":0,"href":"https:\/\/compras.tierradelfuego.gob.ar\/index.php?rest_route=\/wp\/v2\/posts\/143064\/revisions"}],"wp:attachment":[{"href":"https:\/\/compras.tierradelfuego.gob.ar\/index.php?rest_route=%2Fwp%2Fv2%2Fmedia&parent=143064"}],"wp:term":[{"taxonomy":"category","embeddable":true,"href":"https:\/\/compras.tierradelfuego.gob.ar\/index.php?rest_route=%2Fwp%2Fv2%2Fcategories&post=143064"},{"taxonomy":"post_tag","embeddable":true,"href":"https:\/\/compras.tierradelfuego.gob.ar\/index.php?rest_route=%2Fwp%2Fv2%2Ftags&post=143064"}],"curies":[{"name":"wp","href":"https:\/\/api.w.org\/{rel}","templated":true}]}}