{"id":143045,"date":"2022-12-29T12:58:22","date_gmt":"2022-12-29T15:58:22","guid":{"rendered":"https:\/\/compras.tierradelfuego.gob.ar\/?p=143045"},"modified":"2022-12-29T13:25:07","modified_gmt":"2022-12-29T16:25:07","slug":"adjudicacion-resolucion-i-p-v-y-h-no-2651-22-contratacion-directa-por-compulsa-abreviada-no-138-22-raf-23-expediente-no-2886-22-adquisicion-catering-celebracion-de-fin-de-ano-del-i-p","status":"publish","type":"post","link":"https:\/\/compras.tierradelfuego.gob.ar\/?p=143045","title":{"rendered":"ADJUDICACI\u00d3N &#8211; RESOLUCI\u00d3N I.P.V. Y H. N\u00ba 2651\/22. CONTRATACI\u00d3N DIRECTA POR COMPULSA ABREVIADA N\u00ba 138\/22 RAF 23.\u00a0EXPEDIENTE: N\u00ba 2886\/22. ADQUISICI\u00d3N\u00a0CATERING CELEBRACI\u00d3N DE FIN DE A\u00d1O DEL I.P.V Y H. PARA EL D\u00cdA 28\/12\/22 A LAS 13 HS."},"content":{"rendered":"<p>ADJUDICACI\u00d3N.<\/p>\n<p>CONTRATACI\u00d3N DIRECTA POR COMPULSA ABREVIADA N\u00ba 138\/22 RAF 23.\u00a0EXPEDIENTE: N\u00ba 2886\/22<\/p>\n<p>DIFUSI\u00d3N: ADJUDICACI\u00d3N &#8211; RESOLUCI\u00d3N I.P.V. Y H. N\u00ba 2651\/22<\/p>\n<p>OBJETO: ADQUISICI\u00d3N\u00a0CATERING CELEBRACI\u00d3N DE FIN DE A\u00d1O DEL I.P.V Y H. PARA EL D\u00cdA 28\/12\/22 A LAS 13 HS.<\/p>\n<p>\u00c1REA SOLICITANTE: PRESIDENCIA.<\/p>\n<p><strong><a href=\"https:\/\/compras.tierradelfuego.gob.ar\/wp-content\/uploads\/2022\/12\/res.adj_.cont_.dir_.138-22-1.pdf\">res.adj.cont.dir.138-22<\/a><\/strong><\/p>\n","protected":false},"excerpt":{"rendered":"<p>ADJUDICACI\u00d3N. CONTRATACI\u00d3N DIRECTA POR COMPULSA ABREVIADA N\u00ba 138\/22 RAF 23.\u00a0EXPEDIENTE: N\u00ba 2886\/22 DIFUSI\u00d3N: ADJUDICACI\u00d3N &#8211; RESOLUCI\u00d3N I.P.V. Y H. N\u00ba 2651\/22 OBJETO: ADQUISICI\u00d3N\u00a0CATERING CELEBRACI\u00d3N DE FIN DE A\u00d1O DEL I.P.V Y H. PARA EL D\u00cdA 28\/12\/22 A LAS 13 HS. \u00c1REA SOLICITANTE: PRESIDENCIA. res.adj.cont.dir.138-22<\/p>\n","protected":false},"author":20,"featured_media":0,"comment_status":"open","ping_status":"open","sticky":false,"template":"","format":"standard","meta":{"footnotes":""},"categories":[186,3,11,16],"tags":[],"class_list":["post-143045","post","type-post","status-publish","format-standard","hentry","category-adjudicadas","category-compras","category-directa","category-instituto-provincial-de-la-vivienda-ipv"],"_links":{"self":[{"href":"https:\/\/compras.tierradelfuego.gob.ar\/index.php?rest_route=\/wp\/v2\/posts\/143045","targetHints":{"allow":["GET"]}}],"collection":[{"href":"https:\/\/compras.tierradelfuego.gob.ar\/index.php?rest_route=\/wp\/v2\/posts"}],"about":[{"href":"https:\/\/compras.tierradelfuego.gob.ar\/index.php?rest_route=\/wp\/v2\/types\/post"}],"author":[{"embeddable":true,"href":"https:\/\/compras.tierradelfuego.gob.ar\/index.php?rest_route=\/wp\/v2\/users\/20"}],"replies":[{"embeddable":true,"href":"https:\/\/compras.tierradelfuego.gob.ar\/index.php?rest_route=%2Fwp%2Fv2%2Fcomments&post=143045"}],"version-history":[{"count":0,"href":"https:\/\/compras.tierradelfuego.gob.ar\/index.php?rest_route=\/wp\/v2\/posts\/143045\/revisions"}],"wp:attachment":[{"href":"https:\/\/compras.tierradelfuego.gob.ar\/index.php?rest_route=%2Fwp%2Fv2%2Fmedia&parent=143045"}],"wp:term":[{"taxonomy":"category","embeddable":true,"href":"https:\/\/compras.tierradelfuego.gob.ar\/index.php?rest_route=%2Fwp%2Fv2%2Fcategories&post=143045"},{"taxonomy":"post_tag","embeddable":true,"href":"https:\/\/compras.tierradelfuego.gob.ar\/index.php?rest_route=%2Fwp%2Fv2%2Ftags&post=143045"}],"curies":[{"name":"wp","href":"https:\/\/api.w.org\/{rel}","templated":true}]}}