{"id":141529,"date":"2022-12-19T09:34:08","date_gmt":"2022-12-19T12:34:08","guid":{"rendered":"https:\/\/compras.tierradelfuego.gob.ar\/?p=141529"},"modified":"2022-12-19T09:34:08","modified_gmt":"2022-12-19T12:34:08","slug":"convoca-a-participar-de-la-contratacion-directa-no-229-2022-referente-a-los-trabajos-de-la-obra-ampliacion-centro-de-educacion-permanente-para-jovenes-y-adultos-con-discapacidad-rio-gr","status":"publish","type":"post","link":"https:\/\/compras.tierradelfuego.gob.ar\/?p=141529","title":{"rendered":"CONVOCA A PARTICIPAR DE LA CONTRATACI\u00d3N DIRECTA N\u00ba 229\/2022.  REFERENTE A LOS TRABAJOS DE LA OBRA: \u201cAMPLIACI\u00d3N &#8211; CENTRO DE EDUCACI\u00d3N PERMANENTE PARA J\u00d3VENES Y ADULTOS CON DISCAPACIDAD &#8211; R\u00cdO GRANDE &#8211; 2022\u201d."},"content":{"rendered":"<p>EL MINISTERIO DE EDUCACI\u00d3N, CULTURA, CIENCIA Y TECNOLOG\u00cdA DE LA PROVINCIA DE TIERRA DEL FUEGO, ANT\u00c1RTIDA E ISLAS DEL ATL\u00c1NTICO SUR<\/p>\n<p>CONVOCA A PARTICIPAR DE LA CONTRATACI\u00d3N DIRECTA N\u00ba 229\/2022.<\/p>\n<p>REFERENTE A LOS TRABAJOS DE LA OBRA: \u201cAMPLIACI\u00d3N &#8211; CENTRO DE EDUCACI\u00d3N PERMANENTE PARA J\u00d3VENES Y ADULTOS CON DISCAPACIDAD &#8211; R\u00cdO GRANDE &#8211; 2022\u201d.<\/p>\n<p>LA PRESENTE OBRA TIENE POR OBJETO LA CONSTRUCCI\u00d3N DE DOS AULAS DE USOS M\u00daLTIPLES, UN AULA DE PSICOMOTRICIDAD, UN LUGAR PARA PORTER\u00cdA, DOS SALAS DE REUNIONES Y LA AMPLIACI\u00d3N DEL VIVERO DEL CENTRO DE EDUCACI\u00d3N PERMANENTE PARA J\u00d3VENES Y ADULTOS CON DISCAPACIDAD DE LA CIUDAD DE R\u00cdO GRANDE.<\/p>\n<p>&nbsp;<\/p>\n<p>PRESUPUESTO OFICIAL TOTAL: PESOS SESENTA Y SIETE MILLONES NOVENTA Y NUEVE MIL NOVECIENTOS CINCO CON 65\/100 ($67.099.905,65).<\/p>\n<p>&nbsp;<\/p>\n<p>GARANT\u00cdA DE OFERTA: \u00a01% DEL PRESUPUESTO OFICIAL.<\/p>\n<p>SISTEMA DE CONTRATACI\u00d3N: AJUSTE ALZADO.<\/p>\n<p>&nbsp;<\/p>\n<p>PLAZO DE EJECUCI\u00d3N: 180 (CIENTO OCHENTA) D\u00cdAS CORRIDOS.<\/p>\n<p>&nbsp;<\/p>\n<p>CONSULTA Y RETIRO DE PLIEGOS:<\/p>\n<ul>\n<li>SUBSECRETAR\u00cdA DE ADMINISTRACI\u00d3N OBRAS Y SERVICIOS DEL MINISTERIO DE EDUCACI\u00d3N, CULTURA, CIENCIA Y TECNOLOG\u00cdA.<\/li>\n<li>CORREO ELECTR\u00d3NICO:\u00a0OBRASEDU.TDF@GMAIL.COM<\/li>\n<\/ul>\n<p>&nbsp;<\/p>\n<p>PRESENTACI\u00d3N DE LAS OFERTAS: EL D\u00cdA DE APERTURA EN LA MESA DE ENTRADAS DE LA SUBSECRETAR\u00cdA DE ADMINISTRACI\u00d3N OBRAS Y SERVICIOS DEL MINISTERIO DE EDUCACI\u00d3N, CULTURA, CIENCIA Y TECNOLOG\u00cdA, SITA EN CALLE ELCANO N\u00ba 507 \u2013 R\u00cdO GRANDE HASTA LAS 14:00 HS.<\/p>\n<p>&nbsp;<\/p>\n<p>LUGAR DE APERTURA:<\/p>\n<ul>\n<li>SUBSECRETAR\u00cdA DE ADMINISTRACI\u00d3N OBRAS Y SERVICIOS DEL MINISTERIO DE EDUCACI\u00d3N, CULTURA, CIENCIA Y TECNOLOG\u00cdA.<\/li>\n<\/ul>\n<p>&nbsp;<\/p>\n<p>VALOR DEL PLIEGO: SIN COSTO<\/p>\n<p>&nbsp;<\/p>\n<p>VISITA DE OBRA:<strong>\u00a0<\/strong>\u00a0LAS EMPRESAS DEBER\u00c1N REALIZAR CON EL \u00c1REA T\u00c9CNICA LA VISITA EL D\u00cdA\u00a020\/12\/2022\u00a0DE LAS 10 HS. HASTA LAS 11:00 HS. EN CENTRO DE EDUCACI\u00d3N PERMANENTE PARA J\u00d3VENES Y ADULTOS CON DISCAPACIDAD DE LA CIUDAD DE R\u00cdO GRANDE.<\/p>\n<p>FECHA DE APERTURA:\u00a026\/12\/2022<\/p>\n<p>&nbsp;<\/p>\n<p>HORA: 14:00 HS.<\/p>\n<p>&nbsp;<\/p>\n<p><a href=\"https:\/\/compras.tierradelfuego.gob.ar\/wp-content\/uploads\/2022\/12\/resolucion-ss.a.o.-y-s.-n-0226-2022-completa.pdf\">resolucion ss.a.o. y s. n 0226-2022 &#8211; completa<\/a><\/p>\n","protected":false},"excerpt":{"rendered":"<p>EL MINISTERIO DE EDUCACI\u00d3N, CULTURA, CIENCIA Y TECNOLOG\u00cdA DE LA PROVINCIA DE TIERRA DEL FUEGO, ANT\u00c1RTIDA E ISLAS DEL ATL\u00c1NTICO SUR CONVOCA A PARTICIPAR DE LA CONTRATACI\u00d3N DIRECTA N\u00ba 229\/2022. REFERENTE A LOS TRABAJOS DE LA OBRA: \u201cAMPLIACI\u00d3N &#8211; CENTRO DE EDUCACI\u00d3N PERMANENTE PARA J\u00d3VENES Y ADULTOS CON DISCAPACIDAD &#8211; R\u00cdO GRANDE &#8211; 2022\u201d. LA [&hellip;]<\/p>\n","protected":false},"author":17,"featured_media":0,"comment_status":"open","ping_status":"open","sticky":false,"template":"","format":"standard","meta":{"footnotes":""},"categories":[3,6,11,22],"tags":[],"class_list":["post-141529","post","type-post","status-publish","format-standard","hentry","category-compras","category-descargar","category-directa","category-ministerio-de-educacion"],"_links":{"self":[{"href":"https:\/\/compras.tierradelfuego.gob.ar\/index.php?rest_route=\/wp\/v2\/posts\/141529","targetHints":{"allow":["GET"]}}],"collection":[{"href":"https:\/\/compras.tierradelfuego.gob.ar\/index.php?rest_route=\/wp\/v2\/posts"}],"about":[{"href":"https:\/\/compras.tierradelfuego.gob.ar\/index.php?rest_route=\/wp\/v2\/types\/post"}],"author":[{"embeddable":true,"href":"https:\/\/compras.tierradelfuego.gob.ar\/index.php?rest_route=\/wp\/v2\/users\/17"}],"replies":[{"embeddable":true,"href":"https:\/\/compras.tierradelfuego.gob.ar\/index.php?rest_route=%2Fwp%2Fv2%2Fcomments&post=141529"}],"version-history":[{"count":0,"href":"https:\/\/compras.tierradelfuego.gob.ar\/index.php?rest_route=\/wp\/v2\/posts\/141529\/revisions"}],"wp:attachment":[{"href":"https:\/\/compras.tierradelfuego.gob.ar\/index.php?rest_route=%2Fwp%2Fv2%2Fmedia&parent=141529"}],"wp:term":[{"taxonomy":"category","embeddable":true,"href":"https:\/\/compras.tierradelfuego.gob.ar\/index.php?rest_route=%2Fwp%2Fv2%2Fcategories&post=141529"},{"taxonomy":"post_tag","embeddable":true,"href":"https:\/\/compras.tierradelfuego.gob.ar\/index.php?rest_route=%2Fwp%2Fv2%2Ftags&post=141529"}],"curies":[{"name":"wp","href":"https:\/\/api.w.org\/{rel}","templated":true}]}}